{"id":96684,"date":"2020-08-24T15:13:32","date_gmt":"2020-08-24T19:13:32","guid":{"rendered":"https:\/\/linitiative.ca\/International\/pros-qatar-brahimi-nomine-pour-le-titre-de-meilleur-joueur-de-la-saison\/"},"modified":"2020-08-24T15:13:32","modified_gmt":"2020-08-24T19:13:32","slug":"pros-qatar-brahimi-nomine-pour-le-titre-de-meilleur-joueur-de-la-saison","status":"publish","type":"post","link":"https:\/\/linitiative.ca\/International\/pros-qatar-brahimi-nomine-pour-le-titre-de-meilleur-joueur-de-la-saison\/","title":{"rendered":"Pros : Qatar : Brahimi nomin\u00e9 pour le titre de meilleur joueur de la saison"},"content":{"rendered":"<div readability=\"32\">\n<p>Auteur : <span class=\"time\">lundi 24 ao\u00fbt 2020 12:41<\/span><\/p>\n<\/div>\n<div id=\"post_core\" readability=\"35\">\n<p>Le capitaine d&rsquo;Al Rayyan figure parmi les trois joueurs nomin\u00e9s pour le titre de meilleur joueur de la saison en compagnie de Paulo Edmilson (Duhail SC) et d&rsquo;Akram Afif, le co\u00e9quipier de Bounedjah \u00e0 Al Sadd.<\/p>\n<p><img decoding=\"async\" alt=\"\" src=\"https:\/\/pbs.twimg.com\/media\/EgF4OpOWoAAEvHB?format=jpg&amp;name=large\" class=\"c1\" \/><\/p>\n<p><strong>Publi\u00e9 dans :<\/strong> <span>Brahimi<\/span><\/p>\n<\/div>\n<p>Auteur:<br \/>\n<a href=\"http:\/\/www.lebuteur.com\/article\/detail?titre=qatar-brahimi-nomine-pour-le-titre-de-meilleur-joueur-de-la-saison&#038;id=97031&#038;utm_source=feedburner&#038;utm_medium=feed&#038;utm_campaign=Feed%3A+GalerieFArtciles+%28Les+derniers+articles++-+lebuteur.com%29\">Cliquez ici pour lire l&rsquo;article depuis sa source.<\/a><\/p>\n","protected":false},"excerpt":{"rendered":"<p>Auteur : lundi 24 ao\u00fbt 2020 12:41 Le capitaine d&rsquo;Al Rayyan figure parmi les trois joueurs nomin\u00e9s pour le titre de meilleur joueur de la saison en compagnie de Paulo Edmilson (Duhail SC) et d&rsquo;Akram Afif, le co\u00e9quipier de Bounedjah \u00e0 Al Sadd. Publi\u00e9 dans : Brahimi Auteur: Cliquez ici pour lire l&rsquo;article depuis sa [&hellip;]<\/p>\n","protected":false},"author":1738,"featured_media":0,"comment_status":"closed","ping_status":"closed","sticky":false,"template":"","format":"standard","meta":{"fifu_image_url":"","fifu_image_alt":"","footnotes":""},"categories":[53,75],"tags":[],"class_list":["post-96684","post","type-post","status-publish","format-standard","hentry","category-algerie","category-sport"],"_links":{"self":[{"href":"https:\/\/linitiative.ca\/International\/wp-json\/wp\/v2\/posts\/96684","targetHints":{"allow":["GET"]}}],"collection":[{"href":"https:\/\/linitiative.ca\/International\/wp-json\/wp\/v2\/posts"}],"about":[{"href":"https:\/\/linitiative.ca\/International\/wp-json\/wp\/v2\/types\/post"}],"author":[{"embeddable":true,"href":"https:\/\/linitiative.ca\/International\/wp-json\/wp\/v2\/users\/1738"}],"replies":[{"embeddable":true,"href":"https:\/\/linitiative.ca\/International\/wp-json\/wp\/v2\/comments?post=96684"}],"version-history":[{"count":0,"href":"https:\/\/linitiative.ca\/International\/wp-json\/wp\/v2\/posts\/96684\/revisions"}],"wp:attachment":[{"href":"https:\/\/linitiative.ca\/International\/wp-json\/wp\/v2\/media?parent=96684"}],"wp:term":[{"taxonomy":"category","embeddable":true,"href":"https:\/\/linitiative.ca\/International\/wp-json\/wp\/v2\/categories?post=96684"},{"taxonomy":"post_tag","embeddable":true,"href":"https:\/\/linitiative.ca\/International\/wp-json\/wp\/v2\/tags?post=96684"}],"curies":[{"name":"wp","href":"https:\/\/api.w.org\/{rel}","templated":true}]}}