{"id":96685,"date":"2020-08-24T15:13:33","date_gmt":"2020-08-24T19:13:33","guid":{"rendered":"https:\/\/linitiative.ca\/International\/international-psg-un-contrat-en-or-propose-a-thiago-silva\/"},"modified":"2020-08-24T15:13:33","modified_gmt":"2020-08-24T19:13:33","slug":"international-psg-un-contrat-en-or-propose-a-thiago-silva","status":"publish","type":"post","link":"https:\/\/linitiative.ca\/International\/international-psg-un-contrat-en-or-propose-a-thiago-silva\/","title":{"rendered":"International : PSG : Un contrat en or propos\u00e9 \u00e0 Thiago Silva ?"},"content":{"rendered":"<div readability=\"32\">\n<p>Auteur : <span class=\"time\">lundi 24 ao\u00fbt 2020 16:00<\/span><\/p>\n<\/div>\n<div id=\"post_core\" readability=\"46\">\n<p>Hier, les hommes de\u00a0Thomas\u00a0Tuchel\u00a0n&rsquo;ont rien pu faire contre le\u00a0Bayern\u00a0Munich\u00a0en finale de Ligue des Champions, permettant aux Bavarois d&rsquo;\u00eatre sacr\u00e9s pour la sixi\u00e8me fois de leur histoire. \u00ab\u00a0C\u2019\u00e9tait mon dernier match \u00e0 Paris. Je suis triste. Je m\u2019excuse aupr\u00e8s des supporters. Je remercie tous les fans pour leur amour. Je veux jouer 3-4 ans encore et disputer la Coupe du monde au Qatar \u00bb, a indiqu\u00e9 le futur ex-capitaine du\u00a0PSG\u00a0\u00e0 l&rsquo;issue de la rencontre rapporte Le 10 Sport.\u00a0\u00ab Je dois chercher une autre \u00e9quipe, je serai certainement heureux. Ce qui est \u00e9crit sur la Fiorentina est faux : mon agent discute avec mais rien n\u2019est sign\u00e9. Demain et apr\u00e8s-demain, je regarderai les offres et on d\u00e9cidera\u00a0\u00bb. D&rsquo;apr\u00e8s Le 10 Sport, c&rsquo;est \u00e0\u00a0Chelsea que devrait rebondir Thiago Silva, puisque les deux parties se seraient d\u00e9j\u00e0 entendues sur les bases d&rsquo;un contrat qui pourrait permettre au Br\u00e9silien de r\u00e9cup\u00e9rer un joli ch\u00e8que. Le club londonien aurait propos\u00e9 un contrat d&rsquo;une ann\u00e9e au d\u00e9fenseur de 35 ans, plus une en option, avec un salaire de 10M\u20ac. Ce n&rsquo;est pas tout puisque le Br\u00e9silien libre de tout contrat devrait \u00e9galement percevoir une jolie prime \u00e0 la signature. De quoi visiblement convaincre le principal int\u00e9ress\u00e9<\/p>\n<p><strong>Publi\u00e9 dans :<\/strong> <span>PSG : Thiago Silva<\/span><\/p>\n<\/div>\n<p>Auteur:<br \/>\n<a href=\"http:\/\/www.lebuteur.com\/article\/detail?titre=psg-un-contrat-en-or-propose-a-thiago-silva&#038;id=97032&#038;utm_source=feedburner&#038;utm_medium=feed&#038;utm_campaign=Feed%3A+GalerieFArtciles+%28Les+derniers+articles++-+lebuteur.com%29\">Cliquez ici pour lire l&rsquo;article depuis sa source.<\/a><\/p>\n","protected":false},"excerpt":{"rendered":"<p>Auteur : lundi 24 ao\u00fbt 2020 16:00 Hier, les hommes de\u00a0Thomas\u00a0Tuchel\u00a0n&rsquo;ont rien pu faire contre le\u00a0Bayern\u00a0Munich\u00a0en finale de Ligue des Champions, permettant aux Bavarois d&rsquo;\u00eatre sacr\u00e9s pour la sixi\u00e8me fois de leur histoire. \u00ab\u00a0C\u2019\u00e9tait mon dernier match \u00e0 Paris. Je suis triste. Je m\u2019excuse aupr\u00e8s des supporters. Je remercie tous les fans pour leur amour. [&hellip;]<\/p>\n","protected":false},"author":1738,"featured_media":96686,"comment_status":"closed","ping_status":"closed","sticky":false,"template":"","format":"standard","meta":{"fifu_image_url":"","fifu_image_alt":"","footnotes":""},"categories":[53,75],"tags":[],"class_list":["post-96685","post","type-post","status-publish","format-standard","has-post-thumbnail","hentry","category-algerie","category-sport"],"_links":{"self":[{"href":"https:\/\/linitiative.ca\/International\/wp-json\/wp\/v2\/posts\/96685","targetHints":{"allow":["GET"]}}],"collection":[{"href":"https:\/\/linitiative.ca\/International\/wp-json\/wp\/v2\/posts"}],"about":[{"href":"https:\/\/linitiative.ca\/International\/wp-json\/wp\/v2\/types\/post"}],"author":[{"embeddable":true,"href":"https:\/\/linitiative.ca\/International\/wp-json\/wp\/v2\/users\/1738"}],"replies":[{"embeddable":true,"href":"https:\/\/linitiative.ca\/International\/wp-json\/wp\/v2\/comments?post=96685"}],"version-history":[{"count":0,"href":"https:\/\/linitiative.ca\/International\/wp-json\/wp\/v2\/posts\/96685\/revisions"}],"wp:featuredmedia":[{"embeddable":true,"href":"https:\/\/linitiative.ca\/International\/wp-json\/"}],"wp:attachment":[{"href":"https:\/\/linitiative.ca\/International\/wp-json\/wp\/v2\/media?parent=96685"}],"wp:term":[{"taxonomy":"category","embeddable":true,"href":"https:\/\/linitiative.ca\/International\/wp-json\/wp\/v2\/categories?post=96685"},{"taxonomy":"post_tag","embeddable":true,"href":"https:\/\/linitiative.ca\/International\/wp-json\/wp\/v2\/tags?post=96685"}],"curies":[{"name":"wp","href":"https:\/\/api.w.org\/{rel}","templated":true}]}}