{"id":96692,"date":"2020-08-24T07:12:50","date_gmt":"2020-08-24T11:12:50","guid":{"rendered":"https:\/\/linitiative.ca\/International\/108951-un-contrat-va-lier-les-representants-algeriens-dans-les-instances-sportives-internationales-et-le-coa\/"},"modified":"2020-08-24T07:12:50","modified_gmt":"2020-08-24T11:12:50","slug":"108951-un-contrat-va-lier-les-representants-algeriens-dans-les-instances-sportives-internationales-et-le-coa","status":"publish","type":"post","link":"https:\/\/linitiative.ca\/International\/108951-un-contrat-va-lier-les-representants-algeriens-dans-les-instances-sportives-internationales-et-le-coa\/","title":{"rendered":"Un contrat entre les repr\u00e9sentants alg\u00e9riens dans les instances sportives internationales et le COA"},"content":{"rendered":"<div readability=\"38\">\n<p><strong>ALGER- Le contrat permettant aux repr\u00e9sentants alg\u00e9riens dans les instances sportives internationales d&rsquo;occuper des locaux au niveau de la villa du Comit\u00e9 Olympique et sportif alg\u00e9rien (COA) \u00e0 Ben Aknoun, \u00a0\u00bb est fin pr\u00eat \u00a0\u00bb et sera soumis aux concern\u00e9s, tr\u00e8s prochainement, a-t-on appris aupr\u00e8s de l&rsquo;instance olympique.<\/strong><\/p>\n<\/div>\n<div readability=\"85.366688503112\">\n<p>\u00a0\u00ab\u00a0Afin de mat\u00e9rialiser l\u2019id\u00e9e de regrouper nos repr\u00e9sentants dans les instances sportives internationales dans un espace qui leur sera r\u00e9serv\u00e9 au niveau de la villa du COA, dans un cadre r\u00e9glementaire d\u2019\u00e9change d&rsquo;id\u00e9es et de projets, nous avons \u00e9labor\u00e9 un contrat, entre les deux parties \u00ab\u00a0, a d\u00e9clar\u00e9 \u00e0 l\u2019APS, Mohamed Meridja, pr\u00e9sident par int\u00e9rim du Comit\u00e9 olympique et sportif alg\u00e9rien (COA).<\/p>\n<p>Egalement membre de l\u2019ex\u00e9cutif de la F\u00e9d\u00e9ration internationale de judo (FIJ), Meridja avait propos\u00e9, au ministre de la Jeunesse et des Sports, l\u2019id\u00e9e du COA d\u2019offrir aux Alg\u00e9riens en activit\u00e9 dans les instances sportives internationales, un cadre ad\u00e9quat pour fournir un travail de qualit\u00e9 et booster le sport national.<\/p>\n<p>\u00a0En 2018 \u00e0 Alger, lors d\u2019une conf\u00e9rence sur la repr\u00e9sentation alg\u00e9rienne dans les instances sportives internationales, les experts avaient relev\u00e9 que 32 Alg\u00e9riens seulement repr\u00e9sentent le pays dans le concert des instances internationales. Un nombre jug\u00e9 faible par rapport aux potentialit\u00e9s du pays \u00e0 tous les niveaux.<\/p>\n<blockquote readability=\"10\">\n<p><strong><em>\u00a0\u00bb L&rsquo;apport de ces repr\u00e9sentants a \u00e9t\u00e9 de tout temps estim\u00e9 en-de\u00e7\u00e0 des attentes pour de multiples raisons. Le ministre a estim\u00e9 qu&rsquo;ils doivent avoir un r\u00f4le pr\u00e9pond\u00e9rant dans le d\u00e9veloppement du sport alg\u00e9rien, tout en r\u00e9it\u00e9rant sa disponibilit\u00e9 \u00e0 leurs apporter aide et soutien \u00ab\u00a0, a expliqu\u00e9 le pr\u00e9sident par int\u00e9rim du COA.<\/em><\/strong><\/p>\n<\/blockquote>\n<p>\u00a0La convention, approuv\u00e9e par le Comit\u00e9 ex\u00e9cutif, sera personnalis\u00e9e \u00e0 chaque repr\u00e9sentant et elle comportera les droits et devoirs de tout un chacun. Les huit \u00e0 dix alg\u00e9riens qui occupent actuellement des postes importants dans les instances internationales auront des bureaux permanant \u00e9quip\u00e9s de toutes les commodit\u00e9s de travail, et les autres membres dans des commissions auront \u00e0 leurs dispositions des espaces permanant o\u00f9 ils pourront venir travailler \u00e0 l\u2019aise et rester toujours regroup\u00e9s.<\/p>\n<hr\/>\n<h3 class=\"itemTitle\">Lire aussi:\u00a0<a href=\"http:\/\/www.aps.dz\/sport\/108697-comite-olympique-et-sportif-algerien-l-ag-elective-prevue-au-debut-du-mois-de-septembre\" target=\"_blank\" rel=\"noopener noreferrer\">COA: l&rsquo;AG \u00e9lective pr\u00e9vue en septembre<\/a><\/h3>\n<hr\/>\n<p>\u00ab\u00a0Notre objectif autant que COA est de constituer pour l\u2019avenir, un lobby alg\u00e9rien\u00a0 et une force de proposition au niveau des instances internationales . Mais il faut d&rsquo;abord r\u00e9soudre les diff\u00e9rents probl\u00e8mes qui les emp\u00eachent de mener \u00e0 bien leur mission\u00a0\u00bb, a expliqu\u00e9 Mohamed Meridja, relevant que l\u2019Alg\u00e9rie est en retard par rapport \u00e0 d\u2019autres pays.<\/p>\n<blockquote readability=\"11\">\n<p><strong><em>Le COA prendra en charge toute la logistique et les concern\u00e9s auront tous les moyens qu\u2019il leur faut pour s\u2019exprimer, et \u0153uvrer pour b\u00e2tir ensemble une force d\u2019agir au plus haut niveau\u00a0\u00bb, a assur\u00e9 le membre de l\u2019ex\u00e9cutif de la FIJ, qui s\u2019est dit pr\u00eat \u00e0 continuer de son c\u00f4t\u00e9 \u00e0 promouvoir cette structure et aider \u00e0 sa p\u00e9rennit\u00e9.<\/em><\/strong><\/p>\n<\/blockquote>\n<p>L\u2019installation officielle des repr\u00e9sentants alg\u00e9riens dans les instances sportives internationales dans leurs bureaux au niveau de la villa du COA \u00e0 Ben Aknoun devrait avoir lieu lors d\u2019une c\u00e9r\u00e9monie officielle, en marge de la prochaine assembl\u00e9e g\u00e9n\u00e9rale du COA et en pr\u00e9sence des autorit\u00e9s sportives alg\u00e9riennes.\u00a0<\/p>\n<\/div>\n<p>Auteur:<br \/>\n<a href=\"http:\/\/www.aps.dz\/sport\/108951-un-contrat-va-lier-les-representants-algeriens-dans-les-instances-sportives-internationales-et-le-coa?utm_source=feedburner&#038;utm_medium=feed&#038;utm_campaign=Feed%3A+aps-sport+%28APS+-+SPORT%29\">Cliquez ici pour lire l&rsquo;article depuis sa source.<\/a><\/p>\n","protected":false},"excerpt":{"rendered":"<p>ALGER- Le contrat permettant aux repr\u00e9sentants alg\u00e9riens dans les instances sportives internationales d&rsquo;occuper des locaux au niveau de la villa du Comit\u00e9 Olympique et sportif alg\u00e9rien (COA) \u00e0 Ben Aknoun, \u00a0\u00bb est fin pr\u00eat \u00a0\u00bb et sera soumis aux concern\u00e9s, tr\u00e8s prochainement, a-t-on appris aupr\u00e8s de l&rsquo;instance olympique. \u00a0\u00ab\u00a0Afin de mat\u00e9rialiser l\u2019id\u00e9e de regrouper nos [&hellip;]<\/p>\n","protected":false},"author":1790,"featured_media":0,"comment_status":"closed","ping_status":"closed","sticky":false,"template":"","format":"standard","meta":{"fifu_image_url":"","fifu_image_alt":"","footnotes":""},"categories":[53,75],"tags":[],"class_list":["post-96692","post","type-post","status-publish","format-standard","hentry","category-algerie","category-sport"],"_links":{"self":[{"href":"https:\/\/linitiative.ca\/International\/wp-json\/wp\/v2\/posts\/96692","targetHints":{"allow":["GET"]}}],"collection":[{"href":"https:\/\/linitiative.ca\/International\/wp-json\/wp\/v2\/posts"}],"about":[{"href":"https:\/\/linitiative.ca\/International\/wp-json\/wp\/v2\/types\/post"}],"author":[{"embeddable":true,"href":"https:\/\/linitiative.ca\/International\/wp-json\/wp\/v2\/users\/1790"}],"replies":[{"embeddable":true,"href":"https:\/\/linitiative.ca\/International\/wp-json\/wp\/v2\/comments?post=96692"}],"version-history":[{"count":0,"href":"https:\/\/linitiative.ca\/International\/wp-json\/wp\/v2\/posts\/96692\/revisions"}],"wp:attachment":[{"href":"https:\/\/linitiative.ca\/International\/wp-json\/wp\/v2\/media?parent=96692"}],"wp:term":[{"taxonomy":"category","embeddable":true,"href":"https:\/\/linitiative.ca\/International\/wp-json\/wp\/v2\/categories?post=96692"},{"taxonomy":"post_tag","embeddable":true,"href":"https:\/\/linitiative.ca\/International\/wp-json\/wp\/v2\/tags?post=96692"}],"curies":[{"name":"wp","href":"https:\/\/api.w.org\/{rel}","templated":true}]}}