{"id":96725,"date":"2020-08-24T06:00:00","date_gmt":"2020-08-24T10:00:00","guid":{"rendered":"https:\/\/linitiative.ca\/International\/la-cedeao-tente-de-rehabiliter-ibk\/"},"modified":"2020-08-24T06:00:00","modified_gmt":"2020-08-24T10:00:00","slug":"la-cedeao-tente-de-rehabiliter-ibk","status":"publish","type":"post","link":"https:\/\/linitiative.ca\/International\/la-cedeao-tente-de-rehabiliter-ibk\/","title":{"rendered":"La Cedeao tente de r\u00e9habiliter IBK"},"content":{"rendered":"<p>Moins d\u2019une semaine apr\u00e8s le coup d\u2019\u00c9tat qui a d\u00e9pos\u00e9 le Pr\u00e9sident Ibrahim Boubacar Ke\u00efta, le Mali est, une fois de plus, au c\u0153ur des pr\u00e9occupations.<br \/>Ce coup de force a pris de court les partis politiques et la soci\u00e9t\u00e9 civile. Mais pas seulement. C\u2019est le cas, \u00e9galement, pour les 15 pays membres de la Communaut\u00e9 \u00e9conomique des \u00c9tats de l\u2019Afrique de l\u2019Ouest (Cedeao) qui compte des poids lourds \u00e0 l\u2019exemple du Nigeria, dont l\u2019ancien Pr\u00e9sident Goodluck Jonathan \u00e9tait aux avant-postes de la m\u00e9diation IBK-opposition qui a \u00e9chou\u00e9.\u00a0<br \/>\u00c9c\u0153ur\u00e9e par les interventions r\u00e9p\u00e9t\u00e9es des militaires dans la vie politique avec leurs r\u00e9sultats catastrophiques, l\u2019opinion publique en g\u00e9n\u00e9ral et africaine en particulier ne pouvait que condamner leurs auteurs. Le rejet du fait accompli est venu \u00e9galement par les pays de l\u2019Union africaine (UA). \u00c0 cet \u00e9gard, le communiqu\u00e9 du d\u00e9partement de Sabri Boukadoum est on ne peut plus clair. En effet, il rappelle que l\u2019on ne peut revenir aux m\u00e9thodes violentes de prise de pouvoir ant\u00e9-r\u00e9forme des statuts de l\u2019organisation panafricaine, qui insistent sur la l\u00e9galit\u00e9 constitutionnelle. L\u2019usurpation du pouvoir, a fortiori par l\u2019arm\u00e9e, allait donc susciter un toll\u00e9 g\u00e9n\u00e9ral.<br \/>La Cedeao est tr\u00e8s vite mont\u00e9e au cr\u00e9neau en appelant au retour \u00e0 son poste d\u2019Ibrahim Boubacar Ke\u00efta, tandis que l\u2019opposition malienne, prise de court par l\u2019\u00e9v\u00e9nement, pavoise sur la place de Bamako. Devant tant d\u2019\u00e9motions provoqu\u00e9es par son irruption soudaine sur la sc\u00e8ne publique, les auteurs \u2013 l\u2019\u00e9lite de l\u2019arm\u00e9e malienne \u2014 de ce quatri\u00e8me coup d\u2019\u00c9tat, en l\u2019espace de quelques d\u00e9cennies, entreprennent vite de calmer le jeu et se montrent plut\u00f4t rassurants.<br \/>Chose inhabituelle dans ce genre de circonstances aux cons\u00e9quences g\u00e9n\u00e9ralement dramatiques, il n\u2019y a pas eu d\u2019effusion de sang. Bien plus, le Comit\u00e9 national pour le salut du peuple (CNSP) veut se montrer dans les meilleures dispositions et il n\u2019a pas tard\u00e9 \u00e0 le d\u00e9montrer en recevant les m\u00e9diateurs malheureux de la Cedeao qui ont pu rendre visite vendredi au Pr\u00e9sident d\u00e9chu, son Premier ministre et d\u2019autres d\u00e9tenus. D\u00e9claration de la Cedeao : \u00ab Nous avons pu rencontrer Son Excellence le Pr\u00e9sident Ke\u00efta et nous l\u2019avons trouv\u00e9 en bonne sant\u00e9 .\u00bb Et de poursuivre : \u00ab Nous remercions la junte qui a facilit\u00e9 tr\u00e8s rapidement cette rencontre. \u00bb S\u2019il est vrai que IBK \u00e9tait \u00e0 trois ans de la fin de son deuxi\u00e8me mandat apr\u00e8s une \u00e9lection chahut\u00e9e par son principal rival Souma\u00eflia Ciss\u00e9 (qui fut son ministre), les manifestations anti-pouvoir qui ont d\u00e9ferl\u00e9 dans les rues de Bamako la capitale, notamment, faisaient craindre un d\u00e9rapage aux graves cons\u00e9quences et, au mieux, l\u2019impasse politique vu que chacun des protagonistes campait sur ses positions.<br \/>Une fois de plus, la Cedeao remet sur le tapis le retour d\u2019IBK \u00e0 la t\u00eate de l\u2019\u00c9tat malien. Mais ce qui \u00e9tait impossible hier (sa d\u00e9mission r\u00e9clam\u00e9e par l\u2019opposition), le sera-t-il aujourd\u2019hui, c\u2019est-\u00e0-dire sa r\u00e9habilitation ? Le chef de la d\u00e9l\u00e9gation de la Cedeao a-t-il jaug\u00e9 de la d\u00e9termination des r\u00e9volt\u00e9s du camp de Kali ? \u00c0 la man\u0153uvre, Goodluck (bonne chance en fran\u00e7ais !) Jonathan saura-t-il transcender les contingences et \u00e9viter la confrontation sous la forme d\u2019exclusion des organes de son organisation ? Aux derni\u00e8res nouvelles, les auteurs du coup d\u2019\u00c9tat ne s\u2019opposeraient pas \u00e0 des pourparlers avec les membres de l\u2019organisation pour une sortie de crise \u00e0 travers une solution pacifique. Faut-il penser pour autant que la Cedeao imposera sa feuille de route au CNSP (Comit\u00e9 national pour le salut du peuple)\u00a0? Il est probable qu\u2019elle mettra, en premier lieu, en veilleuse ses vell\u00e9it\u00e9s de repr\u00e9sailles au moment o\u00f9 il est possible d\u2019entrevoir d\u2019autres moyens de r\u00e8glement de cette crise n\u00e9e d\u2019un coup d\u2019\u00c9tat qui a pris de court tout le monde.<br \/>Les adeptes d\u2019une solution africaine \u00e0 cette situation par les Africains eux-m\u00eames pourraient se r\u00e9jouir d\u2019une telle \u00e9ventualit\u00e9. Pays enclav\u00e9 entre sept autres pays, l\u2019ancien Soudan occidental, qui n\u2019a pas un acc\u00e8s \u00e0 la mer, avait d\u00e9velopp\u00e9 le commerce de caravanes qui le menaient jusqu\u2019aux contr\u00e9es les plus \u00e9loign\u00e9es. Les routes traditionnelles qui faisaient sa prosp\u00e9rit\u00e9 (Tombouctou ayant \u00e9t\u00e9 la plaque tournante) font partie de l\u2019histoire.<br \/>Aujourd\u2019hui, il doit composer dans le cadre d\u2019une \u00e9conomie r\u00e9gionale d\u2019autant qu\u2019il appartient \u00e0 la zone franc et qu\u2019il ne dispose pas r\u00e9ellement de ressources naturelles \u00e0 faire valoir pour une population \u00e0 nourrir de pr\u00e8s de 20 millions d\u2019habitants. Les d\u00e9fis \u00e0 ce niveau sont \u00e9normes et rendus plus compliqu\u00e9s par le climat aride et une s\u00e9cheresse end\u00e9mique. L&rsquo;Alg\u00e9rie, quant \u00e0 elle, s\u2019est toujours pos\u00e9e comme soutien au Mali dans ses difficult\u00e9s, soutien illustr\u00e9 notamment par les accords d\u2019Alger. Et pour des raisons historiques. C\u2019est pourquoi elle suit avec \u00abune tr\u00e8s grande pr\u00e9occupation la situation pr\u00e9valant au Mali, pays fr\u00e8re et voisin\u00bb, selon les termes du communiqu\u00e9 officiel du minist\u00e8re des Affaires \u00e9trang\u00e8res.<br \/>Les ing\u00e9rences \u00e9trang\u00e8res, de la France notamment, permettront-elles aux Maliens de disposer par eux-m\u00eames du droit d\u2019explorer les voies et moyens de s\u2019en sortir ? Le colonel Assimi Go\u00efta, chef du CNSP, avec ses compagnons, promet l\u2019organisation prochaine des \u00e9lections. Des contacts pr\u00e9liminaires sont envisag\u00e9s avec le Mouvement du 5 Juin-Rassemblement des forces patriotiques\u2026<br \/>Par ailleurs, compte tenu de l\u2019anciennet\u00e9 et de l\u2019\u00e9troitesse des relations de bon voisinage entre les r\u00e9gimes successifs alg\u00e9riens et maliens, et les \u00e9changes \u00e9conomiques et s\u00e9curitaires entre les deux pays, le CNSP sait qu\u2019il trouvera une oreille attentive \u00e0 Alger pour une sortie de crise politique sans heurts.<br \/>Brahim Taouchichet<\/p>\n<p>Auteur:<br \/>\n<a href=\"https:\/\/www.lesoirdalgerie.com\/monde\/la-cedeao-tente-de-rehabiliter-ibk-47104\">Cliquez ici pour lire l&rsquo;article depuis sa source.<\/a><\/p>\n","protected":false},"excerpt":{"rendered":"<p>Moins d\u2019une semaine apr\u00e8s le coup d\u2019\u00c9tat qui a d\u00e9pos\u00e9 le Pr\u00e9sident Ibrahim Boubacar Ke\u00efta, le Mali est, une fois de plus, au c\u0153ur des pr\u00e9occupations.Ce coup de force a pris de court les partis politiques et la soci\u00e9t\u00e9 civile. Mais pas seulement. C\u2019est le cas, \u00e9galement, pour les 15 pays membres de la Communaut\u00e9 [&hellip;]<\/p>\n","protected":false},"author":1741,"featured_media":0,"comment_status":"closed","ping_status":"closed","sticky":false,"template":"","format":"standard","meta":{"fifu_image_url":"","fifu_image_alt":"","footnotes":""},"categories":[73,53],"tags":[],"class_list":["post-96725","post","type-post","status-publish","format-standard","hentry","category-actualite","category-algerie"],"_links":{"self":[{"href":"https:\/\/linitiative.ca\/International\/wp-json\/wp\/v2\/posts\/96725","targetHints":{"allow":["GET"]}}],"collection":[{"href":"https:\/\/linitiative.ca\/International\/wp-json\/wp\/v2\/posts"}],"about":[{"href":"https:\/\/linitiative.ca\/International\/wp-json\/wp\/v2\/types\/post"}],"author":[{"embeddable":true,"href":"https:\/\/linitiative.ca\/International\/wp-json\/wp\/v2\/users\/1741"}],"replies":[{"embeddable":true,"href":"https:\/\/linitiative.ca\/International\/wp-json\/wp\/v2\/comments?post=96725"}],"version-history":[{"count":0,"href":"https:\/\/linitiative.ca\/International\/wp-json\/wp\/v2\/posts\/96725\/revisions"}],"wp:attachment":[{"href":"https:\/\/linitiative.ca\/International\/wp-json\/wp\/v2\/media?parent=96725"}],"wp:term":[{"taxonomy":"category","embeddable":true,"href":"https:\/\/linitiative.ca\/International\/wp-json\/wp\/v2\/categories?post=96725"},{"taxonomy":"post_tag","embeddable":true,"href":"https:\/\/linitiative.ca\/International\/wp-json\/wp\/v2\/tags?post=96725"}],"curies":[{"name":"wp","href":"https:\/\/api.w.org\/{rel}","templated":true}]}}