{"id":96755,"date":"2020-08-24T07:35:16","date_gmt":"2020-08-24T11:35:16","guid":{"rendered":"https:\/\/linitiative.ca\/International\/cable-ace-le-point-datterrissement-de-orange-cameroun-toujours-en-attente\/"},"modified":"2020-08-24T07:35:16","modified_gmt":"2020-08-24T11:35:16","slug":"cable-ace-le-point-datterrissement-de-orange-cameroun-toujours-en-attente","status":"publish","type":"post","link":"https:\/\/linitiative.ca\/International\/cable-ace-le-point-datterrissement-de-orange-cameroun-toujours-en-attente\/","title":{"rendered":"C\u00e2ble ACE : le point d\u2019atterrissement de Orange Cameroun toujours en attente"},"content":{"rendered":"<p>Au moment o\u00f9 ces lignes sont \u00e9crites, en ce 18 ao\u00fbt 2020, la ville de Kribi, dans le Sud du Cameroun, n\u2019est toujours pas \u00e9quip\u00e9e d\u2019un point d\u2019atterrissement du c\u00e2ble sous-marin \u00e0 fibre optique Africa Coast to Europe (ACE). C\u2019est l\u2019entreprise de t\u00e9l\u00e9communications Orange Cameroun, qui avait pourtant pris l\u2019engagement, en 2015, de construire cette infrastructure. Selon les pr\u00e9visions du minist\u00e8re des Postes et T\u00e9l\u00e9communications (Minpostel), le point d\u2019atterrissement du c\u00e2ble sous-marin \u00e0 fibre optique ACE devait \u00eatre op\u00e9rationnel \u00e0 Kribi, depuis 2018 au plus tard. Pour comprendre les ressorts de cette affaire, mieux vaut faire un l\u00e9ger retour en arri\u00e8re.<\/p>\n<p><strong>Lire aussi<\/strong> : <a href=\"https:\/\/ecomatin.net\/cable-sous-marin-2africa-facebook-exclu-le-cameroun\/\">C\u00e2ble sous-marin\u00a02Africa : Facebook exclu le Cameroun<\/a><\/p>\n<p>2009\u00a0: au nom de l\u2019Etat du Cameroun, la Cameroon Telecommunications (Camtel) signe le MoU (M\u00e9morandum of Understanding (MoU) jetant les bases de la cr\u00e9ation du consortium ACE, apr\u00e8s avoir sacrifi\u00e9 \u00e0 toutes les proc\u00e9dures y relatives\u00a0: acquittement de sa contribution d\u2019entr\u00e9e dans le consortium, participation \u00e0 toutes les r\u00e9unions de faisabilit\u00e9 technique et juridique consacr\u00e9es \u00e0 l\u2019\u00e9laboration de l\u2019accord\u2026 Sauf qu\u2019en juin 2010, lorsque les parties sont appel\u00e9es \u00e0 signer l\u2019accord r\u00e9gissant la construction et l\u2019exploitation du c\u00e2ble ACE (Construction and Maintenance Agreement, en abr\u00e9g\u00e9 C&amp;MA), le Cameroun va se garder d\u2019apposer sa signature sur le document \u00e0 l\u2019\u00e9laboration duquel il avait activement pris part. \u00abPour des raisons commerciales et de respect de la r\u00e9glementation en vigueur\u00bb, explique aujourd\u2019hui un des porteurs du projet \u00e0 l\u2019\u00e9poque.<\/p>\n<p><strong>Lire aussi<\/strong> : <a href=\"https:\/\/ecomatin.net\/le-cameroun-et-le-congo-bientot-relies-par-fibre-optique\/\">Le Cameroun et le Congo bient\u00f4t reli\u00e9s par fibre optique<\/a><\/p>\n<p>A cause de ce faux pas, le Cameroun ne fera pas partie des 13 pays raccord\u00e9s lors de la premi\u00e8re phase (r\u00e9alis\u00e9e de mi 2011 \u00e0 fin 2012) de d\u00e9ploiement de ce c\u00e2ble sous-marin qui relie la France \u00e0 la c\u00f4te Ouest de l\u2019Afrique.<\/p>\n<p><strong>N\u00e9gociations<\/strong><\/p>\n<p>Mais d\u00e8s 2015, l\u2019Etat du Cameroun, conscient des \u00e9normes avantages dont l\u2019\u00e9conomie et la soci\u00e9t\u00e9 camerounaises retireraient de la connexion \u00e0 ce c\u00e2ble, engage des n\u00e9gociations avec le consortium qui le g\u00e8re, pour faire partie des pays b\u00e9n\u00e9ficiaires de la deuxi\u00e8me phase de d\u00e9ploiement de ce c\u00e2ble, au m\u00eame titre que la R\u00e9publique D\u00e9mocratique du Congo, l\u2019Angola, la Namibie et l\u2019Afrique du Sud.<\/p>\n<p><strong>Lire aussi<\/strong> : <a href=\"https:\/\/ecomatin.net\/telecoms-deploiement-de-12-000-km-supplementaires-de-fibre-optique-au-cameroun\/\">T\u00e9l\u00e9coms\u00a0: d\u00e9ploiement de 12\u00a0000 km suppl\u00e9mentaires de fibre optique au Cameroun<\/a><\/p>\n<p>Le 8 juin 2015, le gouvernement camerounais, repr\u00e9sent\u00e9 par le ministre en charge des Postes et T\u00e9l\u00e9communications de l\u2019\u00e9poque, Jean Pierre Biyiti bi Essam, et la filiale locale du Fran\u00e7ais Orange signent un protocole d\u2019accord. Selon les termes de cet accord, les deux parties s\u2019engagent \u00e0 payer leurs tickets d\u2019entr\u00e9e respectifs au consortium \u00e0 25 millions de dollars (13,7 milliards FCFA aux cours actuels) pour le Cameroun, et 15 millions de dollars (8,2 milliards FCFA aux cours actuels) pour Orange Cameroun. Ce dernier s\u2019engage surtout \u00e0 investir 1,5 milliard de FCFA pour la construction de la station d\u2019atterrissement du c\u00e2ble ACE dans la ville de Kribi. En contrepartie de cet investissement, le gouvernement s\u2019engage \u00e0 lui garantir l\u2019acc\u00e8s \u00e0 des capacit\u00e9s compatibles \u00e0 ses propres besoins.<\/p>\n<p>Le 2 octobre 2020, Minette Libom Li Likeng est nomm\u00e9e ministre des Postes et T\u00e9l\u00e9communications. Et dans le \u00abPlan Strat\u00e9gique Cameroun num\u00e9rique 2020\u00bb rendu public en mai 2016, elle retient la construction des points d\u2019atterrissement des c\u00e2bles sous-marins ACE et CBCS (<em>Cameroon<\/em>to Brazil Cable Systems) parmi les projets prioritaires, pour un montant d\u2019un peu plus de 236 milliards FCFA. Les deux projets, qui devaient \u00eatre op\u00e9rationnels au plus tard en 2018, devaient aussi porter \u00e0 cinq, le nombre de points d\u2019acc\u00e8s du Cameroun aux c\u00e2bles sous-marins \u00e0 fibre optique.<\/p>\n<p><strong>Lire aussi<\/strong> : <a href=\"https:\/\/ecomatin.net\/fibre-optique-orange-cameroun-denonce-le-monopole-de-camtel\/\">Fibre optique\u00a0: Orange Cameroun d\u00e9nonce le monopole de Camtel<\/a><\/p>\n<p>Si le Cameroun est reli\u00e9 \u00e0 la ville br\u00e9silienne de Fortaleza gr\u00e2ce au c\u00e2ble CBCS depuis septembre 2018, le pays ne b\u00e9n\u00e9ficie toujours pas des capacit\u00e9s du c\u00e2ble ACE. Alors pourquoi\u00a0? Selon un haut responsable du Minpostel, le Cameroun a d\u00e9j\u00e0 pay\u00e9 \u00absubstantiellement\u00bb sa contribution d\u2019entr\u00e9e dans le consortium. Selon la source de Ecomatin, l\u2019Etat camerounais aurait toutefois d\u00e9cid\u00e9 de suspendre ce paiement, en raison de \u00abprofonds d\u00e9saccords sur la contrepartie en capacit\u00e9s demand\u00e9e par Orange Cameroun pour construire le point d\u2019atterrissement. \u00ab Nous allons engager d\u2019ultimes n\u00e9gociations avec les autres parties et\u00a0 ce n\u2019est qu\u2019au terme desdites n\u00e9gociations que nous d\u00e9ciderons d\u2019adh\u00e9rer ou de nous retirer du projet ACE \u00bb ajoute-t-elle.<\/p>\n<div class=\"awac-wrapper awac widget posts-list-widget-11\">\n<h4 class=\"widget-title\">Le plus r\u00e9cent<\/h4>\n<\/div>\n<p>Auteur: Eco Matin<br \/>\n<a href=\"https:\/\/ecomatin.net\/cable-ace-le-point-datterrissement-de-orange-cameroun-toujours-en-attente\/\">Cliquez ici pour lire l&rsquo;article depuis sa source.<\/a><\/p>\n","protected":false},"excerpt":{"rendered":"<p>Au moment o\u00f9 ces lignes sont \u00e9crites, en ce 18 ao\u00fbt 2020, la ville de Kribi, dans le Sud du Cameroun, n\u2019est toujours pas \u00e9quip\u00e9e d\u2019un point d\u2019atterrissement du c\u00e2ble sous-marin \u00e0 fibre optique Africa Coast to Europe (ACE). C\u2019est l\u2019entreprise de t\u00e9l\u00e9communications Orange Cameroun, qui avait pourtant pris l\u2019engagement, en 2015, de construire cette [&hellip;]<\/p>\n","protected":false},"author":1969,"featured_media":0,"comment_status":"closed","ping_status":"closed","sticky":false,"template":"","format":"standard","meta":{"fifu_image_url":"","fifu_image_alt":"","footnotes":""},"categories":[82,78],"tags":[],"class_list":["post-96755","post","type-post","status-publish","format-standard","hentry","category-cameroun","category-economie"],"_links":{"self":[{"href":"https:\/\/linitiative.ca\/International\/wp-json\/wp\/v2\/posts\/96755","targetHints":{"allow":["GET"]}}],"collection":[{"href":"https:\/\/linitiative.ca\/International\/wp-json\/wp\/v2\/posts"}],"about":[{"href":"https:\/\/linitiative.ca\/International\/wp-json\/wp\/v2\/types\/post"}],"author":[{"embeddable":true,"href":"https:\/\/linitiative.ca\/International\/wp-json\/wp\/v2\/users\/1969"}],"replies":[{"embeddable":true,"href":"https:\/\/linitiative.ca\/International\/wp-json\/wp\/v2\/comments?post=96755"}],"version-history":[{"count":0,"href":"https:\/\/linitiative.ca\/International\/wp-json\/wp\/v2\/posts\/96755\/revisions"}],"wp:attachment":[{"href":"https:\/\/linitiative.ca\/International\/wp-json\/wp\/v2\/media?parent=96755"}],"wp:term":[{"taxonomy":"category","embeddable":true,"href":"https:\/\/linitiative.ca\/International\/wp-json\/wp\/v2\/categories?post=96755"},{"taxonomy":"post_tag","embeddable":true,"href":"https:\/\/linitiative.ca\/International\/wp-json\/wp\/v2\/tags?post=96755"}],"curies":[{"name":"wp","href":"https:\/\/api.w.org\/{rel}","templated":true}]}}