{"id":96756,"date":"2020-08-24T10:00:38","date_gmt":"2020-08-24T14:00:38","guid":{"rendered":"https:\/\/linitiative.ca\/International\/coronavirus-le-gouvernement-evalue-le-plan-de-riposte-sanitaire\/"},"modified":"2020-08-24T10:00:38","modified_gmt":"2020-08-24T14:00:38","slug":"coronavirus-le-gouvernement-evalue-le-plan-de-riposte-sanitaire","status":"publish","type":"post","link":"https:\/\/linitiative.ca\/International\/coronavirus-le-gouvernement-evalue-le-plan-de-riposte-sanitaire\/","title":{"rendered":"Coronavirus : le gouvernement \u00e9value le plan de riposte sanitaire"},"content":{"rendered":"<div class=\"featured-area featured-area-inner\"><img loading=\"lazy\" decoding=\"async\" width=\"800\" height=\"462\" src=\"https:\/\/ecomatin.net\/wp-content\/uploads\/2020\/08\/Manaouda-Malachie-1.jpg\" class=\"attachment-full size-full wp-post-image\" alt=\"\" srcset=\"https:\/\/ecomatin.net\/wp-content\/uploads\/2020\/08\/Manaouda-Malachie-1.jpg 800w, https:\/\/ecomatin.net\/wp-content\/uploads\/2020\/08\/Manaouda-Malachie-1-300x173.jpg 300w, https:\/\/ecomatin.net\/wp-content\/uploads\/2020\/08\/Manaouda-Malachie-1-768x444.jpg 768w, https:\/\/ecomatin.net\/wp-content\/uploads\/2020\/08\/Manaouda-Malachie-1-600x347.jpg 600w\" sizes=\"auto, (max-width: 800px) 100vw, 800px\" data-attachment-id=\"18047\" data-permalink=\"https:\/\/ecomatin.net\/coronavirus-le-gouvernement-evalue-le-plan-de-riposte-sanitaire\/manaouda-malachie-1\/\" data-orig-file=\"https:\/\/ecomatin.net\/wp-content\/uploads\/2020\/08\/Manaouda-Malachie-1.jpg\" data-orig-size=\"800,462\" data-comments-opened=\"0\" data-image-meta=\"{&quot;aperture&quot;:&quot;0&quot;,&quot;credit&quot;:&quot;&quot;,&quot;camera&quot;:&quot;&quot;,&quot;caption&quot;:&quot;&quot;,&quot;created_timestamp&quot;:&quot;0&quot;,&quot;copyright&quot;:&quot;&quot;,&quot;focal_length&quot;:&quot;0&quot;,&quot;iso&quot;:&quot;0&quot;,&quot;shutter_speed&quot;:&quot;0&quot;,&quot;title&quot;:&quot;&quot;,&quot;orientation&quot;:&quot;0&quot;}\" data-image-title=\"Manaouda-Malachie-1\" data-image-description=\"\" data-medium-file=\"https:\/\/ecomatin.net\/wp-content\/uploads\/2020\/08\/Manaouda-Malachie-1-300x173.jpg\" data-large-file=\"https:\/\/ecomatin.net\/wp-content\/uploads\/2020\/08\/Manaouda-Malachie-1.jpg\"\/><\/div>\n<div class=\"entry-content entry clearfix\" readability=\"30.141869552149\">\n<p>Le ministre de la Sant\u00e9 publique (Minsant\u00e9) Manouada Malachie a ouvert ce lundi 24 ao\u00fbt,\u00a0une s\u00e9rie de concertations et de consultations relatives \u00e0 l\u2019\u00e9valuation du plan national de riposte sanitaire depuis sa mise en \u0153uvre, ainsi qu\u2019aux perspectives en rapport avec les grands d\u00e9fis auxquels le Cameroun pourrait faire face dans les prochains mois\u00a0comme l\u2019indique une note rendu publique par ses soins.<\/p>\n<p><strong>Lire aussi<\/strong> : <a href=\"https:\/\/ecomatin.net\/nestle-cameroun-offre-a-nouveau-10-millions-pour-lutter-contre-le-coronavirus\/\">Nestl\u00e9 Cameroun offre \u00e0 nouveau 10 millions pour lutter contre le Coronavirus<\/a><\/p>\n<p>Les consultations qui se tiennent \u00e0 la salle de conf\u00e9rence de ce d\u00e9partement minist\u00e9riel, accueillent pour ce 24 ao\u00fbt, les responsables des services du minist\u00e8re de la Sant\u00e9 publique et le D\u00e9l\u00e9gu\u00e9 r\u00e9gional du Centre, les directeurs g\u00e9n\u00e9raux des structures et organismes sous tutelles ainsi que les directions des h\u00f4pitaux de 2<sup>\u00e8me<\/sup>\u00a0cat\u00e9gorie. Le 25 ao\u00fbt, c\u2019est autour du Conseil scientifique des Urgences de Sant\u00e9 publique, les ordres professionnels, les Soci\u00e9t\u00e9s savantes et les syndicats du secteur de la sant\u00e9. Les 26 et 28 ao\u00fbt ce sera respectivement au tour des experts ind\u00e9pendants et universitaires chevronn\u00e9s dans le domaine de la sant\u00e9 et les partenaires techniques et financiers bilat\u00e9raux et multilat\u00e9raux.<\/p>\n<p><strong>Lire aussi<\/strong> : <a href=\"https:\/\/ecomatin.net\/fonds-de-solidarite-national-un-lapsus-a-200-millions-de-f\/\">Fonds de solidarit\u00e9 national\u00a0: un lapsus \u00e0 200 millions de F<\/a><\/p>\n<p>Notons qu\u2019\u00e0 ce jour selon les chiffres fournis par le minist\u00e8re de la Sant\u00e9, le Cameroun enregistre 18\u00a0662 cas confirm\u00e9s, 17\u00a0065 gu\u00e9ris, pour 408 d\u00e9c\u00e8s.<\/p>\n<div class=\"awac-wrapper awac widget posts-list-widget-11\">\n<h4 class=\"widget-title\">Le plus r\u00e9cent<\/h4>\n<\/div>\n<\/div>\n<p>Auteur: Eco Matin<br \/>\n<a href=\"https:\/\/ecomatin.net\/coronavirus-le-gouvernement-evalue-le-plan-de-riposte-sanitaire\/\">Cliquez ici pour lire l&rsquo;article depuis sa source.<\/a><\/p>\n","protected":false},"excerpt":{"rendered":"<p>Le ministre de la Sant\u00e9 publique (Minsant\u00e9) Manouada Malachie a ouvert ce lundi 24 ao\u00fbt,\u00a0une s\u00e9rie de concertations et de consultations relatives \u00e0 l\u2019\u00e9valuation du plan national de riposte sanitaire depuis sa mise en \u0153uvre, ainsi qu\u2019aux perspectives en rapport avec les grands d\u00e9fis auxquels le Cameroun pourrait faire face dans les prochains mois\u00a0comme l\u2019indique [&hellip;]<\/p>\n","protected":false},"author":1969,"featured_media":96757,"comment_status":"closed","ping_status":"closed","sticky":false,"template":"","format":"standard","meta":{"fifu_image_url":"","fifu_image_alt":"","footnotes":""},"categories":[82,78],"tags":[],"class_list":["post-96756","post","type-post","status-publish","format-standard","has-post-thumbnail","hentry","category-cameroun","category-economie"],"_links":{"self":[{"href":"https:\/\/linitiative.ca\/International\/wp-json\/wp\/v2\/posts\/96756","targetHints":{"allow":["GET"]}}],"collection":[{"href":"https:\/\/linitiative.ca\/International\/wp-json\/wp\/v2\/posts"}],"about":[{"href":"https:\/\/linitiative.ca\/International\/wp-json\/wp\/v2\/types\/post"}],"author":[{"embeddable":true,"href":"https:\/\/linitiative.ca\/International\/wp-json\/wp\/v2\/users\/1969"}],"replies":[{"embeddable":true,"href":"https:\/\/linitiative.ca\/International\/wp-json\/wp\/v2\/comments?post=96756"}],"version-history":[{"count":0,"href":"https:\/\/linitiative.ca\/International\/wp-json\/wp\/v2\/posts\/96756\/revisions"}],"wp:featuredmedia":[{"embeddable":true,"href":"https:\/\/linitiative.ca\/International\/wp-json\/"}],"wp:attachment":[{"href":"https:\/\/linitiative.ca\/International\/wp-json\/wp\/v2\/media?parent=96756"}],"wp:term":[{"taxonomy":"category","embeddable":true,"href":"https:\/\/linitiative.ca\/International\/wp-json\/wp\/v2\/categories?post=96756"},{"taxonomy":"post_tag","embeddable":true,"href":"https:\/\/linitiative.ca\/International\/wp-json\/wp\/v2\/tags?post=96756"}],"curies":[{"name":"wp","href":"https:\/\/api.w.org\/{rel}","templated":true}]}}