{"id":96762,"date":"2020-08-25T11:23:48","date_gmt":"2020-08-25T15:23:48","guid":{"rendered":"https:\/\/linitiative.ca\/International\/rendez-vous-en-2021-jazzablanca-festival-et-tanjazz-2020-annules\/"},"modified":"2020-08-25T11:23:48","modified_gmt":"2020-08-25T15:23:48","slug":"rendez-vous-en-2021-jazzablanca-festival-et-tanjazz-2020-annules","status":"publish","type":"post","link":"https:\/\/linitiative.ca\/International\/rendez-vous-en-2021-jazzablanca-festival-et-tanjazz-2020-annules\/","title":{"rendered":"Rendez-vous en 2021 : Jazzablanca Festival et Tanjazz 2020 annul\u00e9s"},"content":{"rendered":"<header>\n<\/header>\n<div class=\"entry-content clearfix\" readability=\"60\"><img decoding=\"async\" class=\"post_layout_5_img\" src=\"http:\/\/aujourdhui.ma\/wp-content\/uploads\/2020\/08\/Photo_Jazzablanca_@SifeElAmine.jpg\" alt=\"Rendez-vous en 2021 : Jazzablanca Festival et Tanjazz 2020 annul&#xE9;s\"\/><\/p>\n<p><strong>C\u2019est avec regret que l\u2019entreprise culturelle, Sevenpm, organisatrice de Jazzablanca et de Tanjazz, annonce l\u2019annulation des \u00e9ditions 2020 des deux festivals Jazzablanca et Tanjazz 2020.<\/strong><span id=\"more-353893\"\/><\/p>\n<p>\u00abDepuis le d\u00e9but de la crise sanitaire, les \u00e9quipes de Sevenpm sont rest\u00e9es mobilis\u00e9es avec un grand espoir de maintenir les deux rendez-vous pour cette rentr\u00e9e culturelle. Mais la d\u00e9cision d\u2019annuler a \u00e9t\u00e9 prise face \u00e0 un grand nombre d\u2019incertitudes\u00bb, pr\u00e9cise la structure. Selon la m\u00eame source, la sant\u00e9 des festivaliers, des artistes, des \u00e9quipes, ainsi que le financement des festivals, les dates d\u2019ouverture des fronti\u00e8res sont autant d\u2019\u00e9l\u00e9ments incertains, qui \u00abne nous permettent malheureusement pas de nous projeter pour organiser les deux \u00e9v\u00e9nements dans les meilleures conditions\u00bb.<br \/>Par l\u2019occasion, Sevenpm ne manque pas de remercier l\u2019ensemble de ses collaborateurs, partenaires, sponsors, artistes, m\u00e9dias, ainsi que le public pour leur soutien constant. \u00abL\u2019ann\u00e9e prochaine, les deux \u00e9ditions, 15\u00e8me pour Jazzablanca et 21\u00e8me pour Tanjazz, n\u2019en seront que plus \u00e9mouvantes. Nous nous retrouverons plus forts, du 1er au 3 juillet 2021 pour Jazzablanca et du 23 au 25 septembre 2021 pour Tanjazz\u00bb, exalte l\u2019entreprise.<\/p>\n<\/div>\n<p>Auteur: ALM<br \/>\n<a href=\"https:\/\/aujourdhui.ma\/culture\/rendez-vous-en-2021-jazzablanca-festival-et-tanjazz-2020-annules\">Cliquez ici pour lire l&rsquo;article depuis sa source.<\/a><\/p>\n","protected":false},"excerpt":{"rendered":"<p>C\u2019est avec regret que l\u2019entreprise culturelle, Sevenpm, organisatrice de Jazzablanca et de Tanjazz, annonce l\u2019annulation des \u00e9ditions 2020 des deux festivals Jazzablanca et Tanjazz 2020. \u00abDepuis le d\u00e9but de la crise sanitaire, les \u00e9quipes de Sevenpm sont rest\u00e9es mobilis\u00e9es avec un grand espoir de maintenir les deux rendez-vous pour cette rentr\u00e9e culturelle. Mais la d\u00e9cision [&hellip;]<\/p>\n","protected":false},"author":1759,"featured_media":96763,"comment_status":"closed","ping_status":"closed","sticky":false,"template":"","format":"standard","meta":{"fifu_image_url":"","fifu_image_alt":"","footnotes":""},"categories":[73,54],"tags":[],"class_list":["post-96762","post","type-post","status-publish","format-standard","has-post-thumbnail","hentry","category-actualite","category-maroc"],"_links":{"self":[{"href":"https:\/\/linitiative.ca\/International\/wp-json\/wp\/v2\/posts\/96762","targetHints":{"allow":["GET"]}}],"collection":[{"href":"https:\/\/linitiative.ca\/International\/wp-json\/wp\/v2\/posts"}],"about":[{"href":"https:\/\/linitiative.ca\/International\/wp-json\/wp\/v2\/types\/post"}],"author":[{"embeddable":true,"href":"https:\/\/linitiative.ca\/International\/wp-json\/wp\/v2\/users\/1759"}],"replies":[{"embeddable":true,"href":"https:\/\/linitiative.ca\/International\/wp-json\/wp\/v2\/comments?post=96762"}],"version-history":[{"count":0,"href":"https:\/\/linitiative.ca\/International\/wp-json\/wp\/v2\/posts\/96762\/revisions"}],"wp:featuredmedia":[{"embeddable":true,"href":"https:\/\/linitiative.ca\/International\/wp-json\/"}],"wp:attachment":[{"href":"https:\/\/linitiative.ca\/International\/wp-json\/wp\/v2\/media?parent=96762"}],"wp:term":[{"taxonomy":"category","embeddable":true,"href":"https:\/\/linitiative.ca\/International\/wp-json\/wp\/v2\/categories?post=96762"},{"taxonomy":"post_tag","embeddable":true,"href":"https:\/\/linitiative.ca\/International\/wp-json\/wp\/v2\/tags?post=96762"}],"curies":[{"name":"wp","href":"https:\/\/api.w.org\/{rel}","templated":true}]}}