{"id":96766,"date":"2020-08-25T11:30:54","date_gmt":"2020-08-25T15:30:54","guid":{"rendered":"https:\/\/linitiative.ca\/International\/oce-le-couperet-est-tombe\/"},"modified":"2020-08-25T11:30:54","modified_gmt":"2020-08-25T15:30:54","slug":"oce-le-couperet-est-tombe","status":"publish","type":"post","link":"https:\/\/linitiative.ca\/International\/oce-le-couperet-est-tombe\/","title":{"rendered":"OCE : Le couperet est tomb\u00e9 !"},"content":{"rendered":"<header>\n<\/header>\n<div class=\"entry-content clearfix\" readability=\"46\"><img decoding=\"async\" class=\"post_layout_5_img\" src=\"http:\/\/aujourdhui.ma\/wp-content\/uploads\/2020\/08\/parlement.jpg\" alt=\"OCE : Le couperet est tomb&#xE9; !\"\/><\/p>\n<p><strong>Un projet de loi portant liquidation de l\u2019Office en Conseil de gouvernement<\/strong><span id=\"more-353900\"\/><\/p>\n<p>\u00abDernier acte\u00bb pour l\u2019OCE. En effet, dans son Conseil du jeudi, le gouvernement examinera au d\u00e9but de ses travaux un projet de loi portant dissolution et liquidation de l\u2019Office de commercialisation et d\u2019exportation, pr\u00e9cise mardi un communiqu\u00e9 du d\u00e9partement du chef de gouvernement. En sursis depuis plusieurs ann\u00e9es, l\u2019Office a connu plusieurs phases difficiles. Restructur\u00e9 en 2005, il a fait l\u2019objet d\u2019un rapport de la Cour des comptes en mars 2016 dont les conclusions ont pouss\u00e9 vers la liquidation de l\u2019Office. La Cour avait \u00e9galement expliqu\u00e9 dans sa mission effectu\u00e9e en 2010 que dans \u00absa configuration actuelle, l\u2019organisme n\u2019est pas viable\u00bb.<br \/>Par ailleurs, le Conseil de gouvernement examinera quatre projets de d\u00e9cret dont le premier et le deuxi\u00e8me concernent la d\u00e9limitation du p\u00e9rim\u00e8tre des Offices r\u00e9gionaux de mise en valeur agricole (ORMVA) de Tafilalet et d\u2019Ouarzazate, pr\u00e9cise la m\u00eame source, indiquant que le troisi\u00e8me et le quatri\u00e8me projet de d\u00e9cret sont relatifs \u00e0 l\u2019\u00e9largissement du p\u00e9rim\u00e8tre des ORMVA de Souss-Massa et du Gharb.<\/p>\n<\/div>\n<p>Auteur: ALM<br \/>\n<a href=\"https:\/\/aujourdhui.ma\/actualite\/oce-le-couperet-est-tombe\">Cliquez ici pour lire l&rsquo;article depuis sa source.<\/a><\/p>\n","protected":false},"excerpt":{"rendered":"<p>Un projet de loi portant liquidation de l\u2019Office en Conseil de gouvernement \u00abDernier acte\u00bb pour l\u2019OCE. En effet, dans son Conseil du jeudi, le gouvernement examinera au d\u00e9but de ses travaux un projet de loi portant dissolution et liquidation de l\u2019Office de commercialisation et d\u2019exportation, pr\u00e9cise mardi un communiqu\u00e9 du d\u00e9partement du chef de gouvernement. [&hellip;]<\/p>\n","protected":false},"author":1759,"featured_media":96767,"comment_status":"closed","ping_status":"closed","sticky":false,"template":"","format":"standard","meta":{"fifu_image_url":"","fifu_image_alt":"","footnotes":""},"categories":[73,54],"tags":[],"class_list":["post-96766","post","type-post","status-publish","format-standard","has-post-thumbnail","hentry","category-actualite","category-maroc"],"_links":{"self":[{"href":"https:\/\/linitiative.ca\/International\/wp-json\/wp\/v2\/posts\/96766","targetHints":{"allow":["GET"]}}],"collection":[{"href":"https:\/\/linitiative.ca\/International\/wp-json\/wp\/v2\/posts"}],"about":[{"href":"https:\/\/linitiative.ca\/International\/wp-json\/wp\/v2\/types\/post"}],"author":[{"embeddable":true,"href":"https:\/\/linitiative.ca\/International\/wp-json\/wp\/v2\/users\/1759"}],"replies":[{"embeddable":true,"href":"https:\/\/linitiative.ca\/International\/wp-json\/wp\/v2\/comments?post=96766"}],"version-history":[{"count":0,"href":"https:\/\/linitiative.ca\/International\/wp-json\/wp\/v2\/posts\/96766\/revisions"}],"wp:featuredmedia":[{"embeddable":true,"href":"https:\/\/linitiative.ca\/International\/wp-json\/"}],"wp:attachment":[{"href":"https:\/\/linitiative.ca\/International\/wp-json\/wp\/v2\/media?parent=96766"}],"wp:term":[{"taxonomy":"category","embeddable":true,"href":"https:\/\/linitiative.ca\/International\/wp-json\/wp\/v2\/categories?post=96766"},{"taxonomy":"post_tag","embeddable":true,"href":"https:\/\/linitiative.ca\/International\/wp-json\/wp\/v2\/tags?post=96766"}],"curies":[{"name":"wp","href":"https:\/\/api.w.org\/{rel}","templated":true}]}}