{"id":96806,"date":"2020-08-25T15:13:28","date_gmt":"2020-08-25T19:13:28","guid":{"rendered":"https:\/\/linitiative.ca\/International\/international-barca-messi-annonce-quil-veut-partir\/"},"modified":"2020-08-25T15:13:28","modified_gmt":"2020-08-25T19:13:28","slug":"international-barca-messi-annonce-quil-veut-partir","status":"publish","type":"post","link":"https:\/\/linitiative.ca\/International\/international-barca-messi-annonce-quil-veut-partir\/","title":{"rendered":"International : Bar\u00e7a : Messi annonce qu&rsquo;il veut partir !"},"content":{"rendered":"<div readability=\"32\">\n<p>Auteur : <span class=\"time\">mardi 25 ao\u00fbt 2020 19:45<\/span><\/p>\n<\/div>\n<div id=\"post_core\" readability=\"45\">\n<p>Et selon les informations des m\u00e9dias TyC Sports et Ol\u00e9 ce mardi, l&rsquo;international argentin vient d&rsquo;informer officiellement ses dirigeants de son d\u00e9sir de mettre un terme \u00e0 son contrat, qui court jusqu&rsquo;en juin 2021 comme l&rsquo;indique Maxifoot.<\/p>\n<p>En effet, Messi a envoy\u00e9 un fax au vice-champion d&rsquo;Espagne afin d&rsquo;annoncer son intention d&rsquo;activer sa clause de sortie, qui lui permet de rompre unilat\u00e9ralement son engagement avec le Bar\u00e7a \u00e0 chaque fin de saison. Un \u00e9norme coup de pression pour forcer le pr\u00e9sident actuel Josep Maria Bartomeu \u00e0 d\u00e9missionner ou une vraie envie de partir ? Le feuilleton se poursuit !<\/p>\n<p><strong>Publi\u00e9 dans :<\/strong> <span>fc barcelone<\/span><\/p>\n<\/div>\n<p>Auteur:<br \/>\n<a href=\"http:\/\/www.lebuteur.com\/article\/detail?titre=barca-messi-annonce-quil-veut-partir&#038;id=97043&#038;utm_source=feedburner&#038;utm_medium=feed&#038;utm_campaign=Feed%3A+GalerieFArtciles+%28Les+derniers+articles++-+lebuteur.com%29\">Cliquez ici pour lire l&rsquo;article depuis sa source.<\/a><\/p>\n","protected":false},"excerpt":{"rendered":"<p>Auteur : mardi 25 ao\u00fbt 2020 19:45 Et selon les informations des m\u00e9dias TyC Sports et Ol\u00e9 ce mardi, l&rsquo;international argentin vient d&rsquo;informer officiellement ses dirigeants de son d\u00e9sir de mettre un terme \u00e0 son contrat, qui court jusqu&rsquo;en juin 2021 comme l&rsquo;indique Maxifoot. En effet, Messi a envoy\u00e9 un fax au vice-champion d&rsquo;Espagne afin [&hellip;]<\/p>\n","protected":false},"author":1738,"featured_media":96807,"comment_status":"closed","ping_status":"closed","sticky":false,"template":"","format":"standard","meta":{"fifu_image_url":"","fifu_image_alt":"","footnotes":""},"categories":[53,75],"tags":[],"class_list":["post-96806","post","type-post","status-publish","format-standard","has-post-thumbnail","hentry","category-algerie","category-sport"],"_links":{"self":[{"href":"https:\/\/linitiative.ca\/International\/wp-json\/wp\/v2\/posts\/96806","targetHints":{"allow":["GET"]}}],"collection":[{"href":"https:\/\/linitiative.ca\/International\/wp-json\/wp\/v2\/posts"}],"about":[{"href":"https:\/\/linitiative.ca\/International\/wp-json\/wp\/v2\/types\/post"}],"author":[{"embeddable":true,"href":"https:\/\/linitiative.ca\/International\/wp-json\/wp\/v2\/users\/1738"}],"replies":[{"embeddable":true,"href":"https:\/\/linitiative.ca\/International\/wp-json\/wp\/v2\/comments?post=96806"}],"version-history":[{"count":0,"href":"https:\/\/linitiative.ca\/International\/wp-json\/wp\/v2\/posts\/96806\/revisions"}],"wp:featuredmedia":[{"embeddable":true,"href":"https:\/\/linitiative.ca\/International\/wp-json\/"}],"wp:attachment":[{"href":"https:\/\/linitiative.ca\/International\/wp-json\/wp\/v2\/media?parent=96806"}],"wp:term":[{"taxonomy":"category","embeddable":true,"href":"https:\/\/linitiative.ca\/International\/wp-json\/wp\/v2\/categories?post=96806"},{"taxonomy":"post_tag","embeddable":true,"href":"https:\/\/linitiative.ca\/International\/wp-json\/wp\/v2\/tags?post=96806"}],"curies":[{"name":"wp","href":"https:\/\/api.w.org\/{rel}","templated":true}]}}