{"id":96813,"date":"2020-08-25T08:17:41","date_gmt":"2020-08-25T12:17:41","guid":{"rendered":"https:\/\/linitiative.ca\/International\/108981-foot-ligue-1-nahd-avec-leknaoui-on-tentera-de-monter-une-equipe-competitive\/"},"modified":"2020-08-25T08:17:41","modified_gmt":"2020-08-25T12:17:41","slug":"108981-foot-ligue-1-nahd-avec-leknaoui-on-tentera-de-monter-une-equipe-competitive","status":"publish","type":"post","link":"https:\/\/linitiative.ca\/International\/108981-foot-ligue-1-nahd-avec-leknaoui-on-tentera-de-monter-une-equipe-competitive\/","title":{"rendered":"Ligue 1-NAHD: \u00ab\u00a0avec Leknaoui on tentera de monter une \u00e9quipe comp\u00e9titive\u00a0\u00bb"},"content":{"rendered":"<div readability=\"38\">\n<p><strong>ALGER- Le directeur sportif du NA Husse\u00efn-Dey (Ligue 1 alg\u00e9rienne de football), Cha\u00e2bane Merzekane, a salu\u00e9 mardi l&rsquo;arriv\u00e9e \u00e0 la barre technique du nouvel entra\u00eeneur Nadir Leknaoui, louant ses qualit\u00e9s, tout en soulignant que son objectif \u00e9tait de \u00ab\u00a0monter une \u00e9quipe comp\u00e9titive\u00a0\u00bb.<\/strong><\/p>\n<\/div>\n<div readability=\"83.5\">\n<p>\u00ab\u00a0Apr\u00e8s avoir discut\u00e9 avec certains entra\u00eeneurs, nous avons jet\u00e9 notre d\u00e9volu sur Leknaoui, qui a fait une excellent travail l\u00e0 o\u00f9 il est pass\u00e9.<\/p>\n<blockquote readability=\"7\">\n<p><em><strong>Il est avec nous pour un contrat d&rsquo;une ann\u00e9e renouvelable. L&rsquo;objectif est de monter une \u00e9quipe comp\u00e9titive capable de faire bonne figure lors du prochain exercice\u00a0\u00bb, a d\u00e9clar\u00e9 \u00e0 l&rsquo;APS Merzekane.<\/strong><\/em><\/p>\n<\/blockquote>\n<p>Le Nasria \u00e9tait en contact avec plusieurs techniciens, dont l&rsquo;ancien d\u00e9fenseur international Mounir Zeghdoud, ce dernier avait m\u00eame donn\u00e9 son accord, avant que la direction ne choisisse Lekanoui qui remplace Fouad Bouali.<\/p>\n<p>\u00ab\u00a0D\u00e9sormais, nous allons nous consacrer \u00e0 boucler l&rsquo;op\u00e9ration de recrutement que nous avons entam\u00e9 depuis quelques jours. Leknaoui aura bien \u00e9videmment un droit de regard. Nous avons cibl\u00e9 certains joueurs capables renforcer l&rsquo;effectif, tout en pr\u00e9servant l&rsquo;ossature de l&rsquo;\u00e9quipe\u00a0\u00bb, a-t-il ajout\u00e9.<\/p>\n<blockquote readability=\"14\">\n<p><em><strong>Rel\u00e9gable avant la suspension de la comp\u00e9tition, le NAHD a \u00e9t\u00e9 finalement maintenu parmi l&rsquo;\u00e9lite, apr\u00e8s l\u2019adoption par les membres de l\u2019assembl\u00e9e g\u00e9n\u00e9rale de la F\u00e9d\u00e9ration alg\u00e9rienne (FAF) du choix qui pr\u00e9voyait de d\u00e9signer les laur\u00e9ats et les promus, tout en annulant la rel\u00e9gation, au terme de la consultation \u00e9crite initi\u00e9e par l&rsquo;instance f\u00e9d\u00e9rale, pour donner suite \u00e0 l&rsquo;exercice 2019-2020, d\u00e9finitivement suspendu en raison de la pand\u00e9mie de coronavirus (Covid-19).<\/strong><\/em><\/p>\n<\/blockquote>\n<p>\u00ab\u00a0C&rsquo;est difficile de rester loin de la comp\u00e9tition pendant une si longue p\u00e9riode. Nous n&rsquo;avons aucune visibilit\u00e9, il est temps pour tout le monde de reprendre l&rsquo;entra\u00eenement\u00a0\u00bb, a-t-il soulign\u00e9.<\/p>\n<p>Concernant le changement du syst\u00e8me de comp\u00e9tition pyramidal, adopt\u00e9 par la FAF, Merzekane a propos\u00e9 de scinder les 20 clubs professionnels en deux groupes de dix, mais tout en \u00e9vitant de \u00ab\u00a0d\u00e9signer\u00a0\u00bb deux groupes : Centre-Est et Centre-Ouest.<\/p>\n<p>\u00ab\u00a0Scinder les 20 clubs en deux groupes serait une bonne solution pour r\u00e9duire le nombre de matchs, mais je suis contre l&rsquo;id\u00e9e de d\u00e9signer deux groupes : Centre-Est et Centre-Est, l&rsquo;id\u00e9al est de m\u00e9langer l&rsquo;ensemble des \u00e9quipes de toutes les r\u00e9gions, pour une meilleur attractivit\u00e9. Auparavant, l&rsquo;exp\u00e9rience de deux groupes Centre-Est et Centre-Ouest n&rsquo;avait pas port\u00e9 ses fruits, il y avait une certaine monotonie. Je vais proposer mon point de vue mercredi, lors de la r\u00e9union pr\u00e9vue entre la FAF, la LFP, et les pr\u00e9sidents des clubs professionnels\u00a0\u00bb, a-t-il conclu.<\/p>\n<\/div>\n<p>Auteur:<br \/>\n<a href=\"http:\/\/www.aps.dz\/sport\/108981-foot-ligue-1-nahd-avec-leknaoui-on-tentera-de-monter-une-equipe-competitive?utm_source=feedburner&#038;utm_medium=feed&#038;utm_campaign=Feed%3A+aps-sport+%28APS+-+SPORT%29\">Cliquez ici pour lire l&rsquo;article depuis sa source.<\/a><\/p>\n","protected":false},"excerpt":{"rendered":"<p>ALGER- Le directeur sportif du NA Husse\u00efn-Dey (Ligue 1 alg\u00e9rienne de football), Cha\u00e2bane Merzekane, a salu\u00e9 mardi l&rsquo;arriv\u00e9e \u00e0 la barre technique du nouvel entra\u00eeneur Nadir Leknaoui, louant ses qualit\u00e9s, tout en soulignant que son objectif \u00e9tait de \u00ab\u00a0monter une \u00e9quipe comp\u00e9titive\u00a0\u00bb. \u00ab\u00a0Apr\u00e8s avoir discut\u00e9 avec certains entra\u00eeneurs, nous avons jet\u00e9 notre d\u00e9volu sur Leknaoui, [&hellip;]<\/p>\n","protected":false},"author":1790,"featured_media":0,"comment_status":"closed","ping_status":"closed","sticky":false,"template":"","format":"standard","meta":{"fifu_image_url":"","fifu_image_alt":"","footnotes":""},"categories":[53,75],"tags":[],"class_list":["post-96813","post","type-post","status-publish","format-standard","hentry","category-algerie","category-sport"],"_links":{"self":[{"href":"https:\/\/linitiative.ca\/International\/wp-json\/wp\/v2\/posts\/96813","targetHints":{"allow":["GET"]}}],"collection":[{"href":"https:\/\/linitiative.ca\/International\/wp-json\/wp\/v2\/posts"}],"about":[{"href":"https:\/\/linitiative.ca\/International\/wp-json\/wp\/v2\/types\/post"}],"author":[{"embeddable":true,"href":"https:\/\/linitiative.ca\/International\/wp-json\/wp\/v2\/users\/1790"}],"replies":[{"embeddable":true,"href":"https:\/\/linitiative.ca\/International\/wp-json\/wp\/v2\/comments?post=96813"}],"version-history":[{"count":0,"href":"https:\/\/linitiative.ca\/International\/wp-json\/wp\/v2\/posts\/96813\/revisions"}],"wp:attachment":[{"href":"https:\/\/linitiative.ca\/International\/wp-json\/wp\/v2\/media?parent=96813"}],"wp:term":[{"taxonomy":"category","embeddable":true,"href":"https:\/\/linitiative.ca\/International\/wp-json\/wp\/v2\/categories?post=96813"},{"taxonomy":"post_tag","embeddable":true,"href":"https:\/\/linitiative.ca\/International\/wp-json\/wp\/v2\/tags?post=96813"}],"curies":[{"name":"wp","href":"https:\/\/api.w.org\/{rel}","templated":true}]}}