{"id":96845,"date":"2020-08-25T14:00:16","date_gmt":"2020-08-25T18:00:16","guid":{"rendered":"https:\/\/linitiative.ca\/International\/rentree-scolaire-au-maroc-le-ministere-renvoie-dos-a-dos-covid-19-et-parents-deleves\/"},"modified":"2020-08-25T14:00:16","modified_gmt":"2020-08-25T18:00:16","slug":"rentree-scolaire-au-maroc-le-ministere-renvoie-dos-a-dos-covid-19-et-parents-deleves","status":"publish","type":"post","link":"https:\/\/linitiative.ca\/International\/rentree-scolaire-au-maroc-le-ministere-renvoie-dos-a-dos-covid-19-et-parents-deleves\/","title":{"rendered":"Rentr\u00e9e scolaire au Maroc\u00a0: le Minist\u00e8re renvoie dos \u00e0 dos Covid-19 et parents d\u2019\u00e9l\u00e8ves"},"content":{"rendered":"<p><strong>La d\u00e9cision du Minist\u00e8re de l\u2019\u00c9ducation de laisser le choix aux parents d\u2019opter pour des cours en pr\u00e9sentiel ou \u00e0 distance pour leurs enfants n\u2019en finit pas de diviser. Autant que l\u2019aurait fait tout autre modalit\u00e9 des sc\u00e9narios \u00e9tablis. Certains parlent de patate chaude refil\u00e9e aux parents pendant qu\u2019un mouvement de parents appelle \u00e0 un report de la rentr\u00e9e.<\/strong><\/p>\n<div class=\"c10\"\/>\n<p>Entre les 3 options\u00a0: cours \u00e0 la normale (pr\u00e9sentiel), mix du pr\u00e9sentiel et de cours \u00e0 distance, et cours \u00e0 distance uniquement, le Minist\u00e8re de l\u2019\u00c9ducation a opt\u00e9 pour la 4<sup>\u00e8me<\/sup> option, celle de laisser les parents choisir pour leurs enfants. Une implication soudaine des parents dans les modalit\u00e9s de rentr\u00e9e comme on en voit que tr\u00e8s peu sous le ciel marocain. Gracias Covid-19. Visiblement, le minist\u00e8re a fait le choix de se placer au milieu, afin de basculer soit vers le pr\u00e9sentiel, si d\u00e8s le d\u00e9part la situation \u00e9pid\u00e9miologique s\u2019am\u00e9liore, soit vers les cours \u00e0 distance, si dans le d\u00e9veloppement de l\u2019ann\u00e9e, la situation se d\u00e9grade. \u00ab\u00a0Et si tous les parents d\u00e9cident d\u2019envoyer leurs enfants \u00e0 l\u2019\u00e9cole, on se retrouverait implicitement dans le premier sc\u00e9nario d\u2019une rentr\u00e9e normale\u00a0\u00bb, hypoth\u00e9tise Mohamed El Khomssi.<\/p>\n<p><strong>Lire aussi | <a href=\"https:\/\/www.challenge.ma\/la-rentree-universitaire-2020-2021-fixee-a-la-mi-octobre-153512\/\">La rentr\u00e9e universitaire 2020-2021 fix\u00e9e \u00e0 la mi-octobre<\/a><\/strong><\/p>\n<p>Pour cet universitaire, c\u2019\u00e9tait l\u2019occasion de concr\u00e9tiser la r\u00e9gionalisation, en laissant la latitude aux acad\u00e9mies r\u00e9gionales d\u2019organiser la rentr\u00e9e, d\u00e9pendamment de leur situation \u00e9pid\u00e9miologique. \u00ab\u00a0Les solutions r\u00e9gionales seront les plus adapt\u00e9es \u00e0 la situation. Pourquoi prendre en otage des r\u00e9gions o\u00f9 les cas de contamination sont faibles dans le cadre d\u2019une solution nationale\u00a0?\u00a0\u00bb, se demande-t-il. Celui d\u00e9plore que le Minist\u00e8re n\u2019ait pris en compte aucune de <a href=\"https:\/\/www.challenge.ma\/scenarios-de-rentree-2020-21-le-ministere-de-leducation-face-a-un-casse-tete-chinois-152067\/\">leurs propositions<\/a> pour une rentr\u00e9e beaucoup plus sereine. \u00ab\u00a0On pourrait encore reporter la rentr\u00e9e d\u2019un mois pour discuter, imaginer une solution pratique et durable, et mettre en place les conditions d\u2019une rentr\u00e9e sereine\u00a0\u00bb, avance El Khomssi. Certains parents ne seraient pas contre l\u2019id\u00e9e d\u2019un report, quitte \u00e0 repousser la rentr\u00e9e au d\u00e9but de l\u2019ann\u00e9e prochaine pour y voir plus clair. Mais la d\u00e9cision de laisser le choix aux parents ne fait pas que des sceptiques.<\/p>\n<p>Les \u00e9coles priv\u00e9es qui n\u2019ont pas cess\u00e9 de plaider pour un sc\u00e9nario qui inclut des cours en pr\u00e9sentiel afin que les parents ne d\u00e9sertent pas avec une partie des frais de scolarit\u00e9, y verront une victoire. Pour Anouar Himdi, directeur de l\u2019\u00e9cole priv\u00e9e Emile Anouar, \u00ab\u00a0c\u2019est une d\u00e9cision tr\u00e8s rationnelle et tr\u00e8s r\u00e9fl\u00e9chie. La famille a le droit de d\u00e9cider de ce qu\u2019elle veut pour son enfant car elle est partie prenante dans l\u2019\u00e9ducation de l\u2019enfant. C\u2019est donc \u00e0 nous de travailler \u00e0 faire r\u00e9ussir l\u2019initiative\u00a0\u00bb, d\u00e9fend-il. Les \u00e9coles attendront l\u2019expression de volont\u00e9 des parents pour \u00e9tablir leur carte scolaire. Pour les \u00e9coles qui sont bien loties en mati\u00e8re d\u2019infrastructures, la rentr\u00e9e dans ces conditions ne posera probablement pas grand probl\u00e8me. Mais celles qui n\u2019y sont pas, qu\u2019en sera-t-il\u00a0? Surtout, l\u2019engouement de la rentr\u00e9e o\u00f9 toutes les mesures de s\u00e9curit\u00e9 sanitaire sont prises pour \u00e9viter la propagation du virus pourra-t-il durant dans le temps\u00a0? Le minist\u00e8re a donn\u00e9 une r\u00e9ponse \u00e0 la pr\u00e9occupation de la rentr\u00e9e\u00a0; mais d\u2019autres questions restent en suspens.<\/p>\n<p><strong>Lire aussi | <a href=\"https:\/\/www.challenge.ma\/enseignement-presentiel-le-formulaire-exige-153571\/\">Rentr\u00e9e scolaire au Maroc : voici le formulaire exig\u00e9 pour l\u2019enseignement pr\u00e9sentiel [Document]<\/a><\/strong><\/p>\n<div class=\"vw-sticky-sidebar-wrapper vw-sticky-sidebar widget_text awac-wrapper widget_text awac widget custom_html-4 textwidget custom-html-widget\">\n<p class=\"has-background c12\"><span class=\"widget-title c11\">Tribune et D\u00e9bats<\/span><\/p>\n<p>La tribune qui vous parle d\u2019une actu, d\u2019un sujet qui fait d\u00e9bat, les traitent et les analysent. \u00c9conomistes et autres experts, patrons d\u2019entreprises, d\u00e9cideurs, acteurs de la soci\u00e9t\u00e9 civile, s\u2019y prononcent et contribuent \u00e0 sa grande richesse. Vous avez votre opinion, convergente ou diff\u00e9rente. Exprimez-la et mesurez-vous ainsi \u00e0 nos tribuns et d\u00e9batteurs.<\/p>\n<p>Envoyez vos analyses \u00e0 : <a href=\"\/cdn-cgi\/l\/email-protection#1a7975746e7b796e5a79727b76767f747d7f34777b\"><span class=\"__cf_email__\" data-cfemail=\"4d2e2223392c2e390d2e252c212128232a2863202c\">[email\u00a0protected]<\/span><\/a>, en pr\u00e9cisant votre nom, votre pr\u00e9nom et votre m\u00e9tier.<\/p>\n<\/div>\n<p>Auteur: Kwaku Senam<br \/>\n<a href=\"https:\/\/www.challenge.ma\/rentree-scolaire-le-ministere-renvoie-dos-a-dos-covid-19-et-parents-deleves-153689\/\">Cliquez ici pour lire l&rsquo;article depuis sa source.<\/a><\/p>\n","protected":false},"excerpt":{"rendered":"<p>La d\u00e9cision du Minist\u00e8re de l\u2019\u00c9ducation de laisser le choix aux parents d\u2019opter pour des cours en pr\u00e9sentiel ou \u00e0 distance pour leurs enfants n\u2019en finit pas de diviser. Autant que l\u2019aurait fait tout autre modalit\u00e9 des sc\u00e9narios \u00e9tablis. Certains parlent de patate chaude refil\u00e9e aux parents pendant qu\u2019un mouvement de parents appelle \u00e0 un [&hellip;]<\/p>\n","protected":false},"author":1787,"featured_media":0,"comment_status":"closed","ping_status":"closed","sticky":false,"template":"","format":"standard","meta":{"fifu_image_url":"","fifu_image_alt":"","footnotes":""},"categories":[78,54],"tags":[],"class_list":["post-96845","post","type-post","status-publish","format-standard","hentry","category-economie","category-maroc"],"_links":{"self":[{"href":"https:\/\/linitiative.ca\/International\/wp-json\/wp\/v2\/posts\/96845","targetHints":{"allow":["GET"]}}],"collection":[{"href":"https:\/\/linitiative.ca\/International\/wp-json\/wp\/v2\/posts"}],"about":[{"href":"https:\/\/linitiative.ca\/International\/wp-json\/wp\/v2\/types\/post"}],"author":[{"embeddable":true,"href":"https:\/\/linitiative.ca\/International\/wp-json\/wp\/v2\/users\/1787"}],"replies":[{"embeddable":true,"href":"https:\/\/linitiative.ca\/International\/wp-json\/wp\/v2\/comments?post=96845"}],"version-history":[{"count":0,"href":"https:\/\/linitiative.ca\/International\/wp-json\/wp\/v2\/posts\/96845\/revisions"}],"wp:attachment":[{"href":"https:\/\/linitiative.ca\/International\/wp-json\/wp\/v2\/media?parent=96845"}],"wp:term":[{"taxonomy":"category","embeddable":true,"href":"https:\/\/linitiative.ca\/International\/wp-json\/wp\/v2\/categories?post=96845"},{"taxonomy":"post_tag","embeddable":true,"href":"https:\/\/linitiative.ca\/International\/wp-json\/wp\/v2\/tags?post=96845"}],"curies":[{"name":"wp","href":"https:\/\/api.w.org\/{rel}","templated":true}]}}