{"id":96846,"date":"2020-08-25T15:34:55","date_gmt":"2020-08-25T19:34:55","guid":{"rendered":"https:\/\/linitiative.ca\/International\/relance-une-analyse-et-des-propositions-pertinentes-de-linstitut-amadeus\/"},"modified":"2020-08-25T15:34:55","modified_gmt":"2020-08-25T19:34:55","slug":"relance-une-analyse-et-des-propositions-pertinentes-de-linstitut-amadeus","status":"publish","type":"post","link":"https:\/\/linitiative.ca\/International\/relance-une-analyse-et-des-propositions-pertinentes-de-linstitut-amadeus\/","title":{"rendered":"Relance : une analyse et des propositions pertinentes de l\u2019institut Amadeus"},"content":{"rendered":"<p><strong>La crise peut \u00eatre un facteur d\u2019innovation et de cr\u00e9ativit\u00e9 pour se pr\u00e9parer \u00e0 des changements profonds et irr\u00e9versibles. Dans sa derni\u00e8re contribution, <a href=\"https:\/\/www.amadeusonline.org\/\">l\u2019Institut Amadeus<\/a> propose 5 piliers pour la relance et la construction du \u00ab mod\u00e8le de d\u00e9veloppement national Post Covid-19 \u00bb.<\/strong><\/p>\n<div class=\"c10\"\/>\n<p>La crise sanitaire actuelle due au Covid-19 a provoqu\u00e9 un coup d\u2019arr\u00eat dans de nombreux secteurs \u00e9conomiques, avec des r\u00e9percussions multiples. Ainsi les chaines de valeur et d\u2019approvisionnement, dans de nombreuses fili\u00e8res, ont connu une rupture brutale. C\u2019est surtout le cas du tourisme international \u00e9troitement li\u00e9 au transport a\u00e9rien et \u00e0 l\u2019ouverture des fronti\u00e8res. Les exportations ont aussi connu de fortes baisses. C\u2019est le cas de l\u2019industrie automobile, avec, \u00e0 fin juillet 2020, une baisse de \u2013 33%, du textile, avec \u2013 34,9% et de l\u2019a\u00e9ronautique avec \u2013 18,1%. Seul l\u2019OCP a pu faire preuve de r\u00e9silience.<\/p>\n<p><strong>Lire aussi | <a href=\"https:\/\/www.challenge.ma\/hongkong-une-lutte-contre-le-covid-19-dans-un-contexte-specifique-153643\/\">Hongkong : une lutte contre le Covid-19 dans un contexte sp\u00e9cifique<\/a><\/strong><\/p>\n<p>Durant la p\u00e9riode de confinement, presque tous les secteurs ont connu un arr\u00eat d\u2019activit\u00e9 avec un impact social \u00e9norme. Les TPE et les PME ont \u00e9t\u00e9 les premi\u00e8res \u00ab victimes \u00e9conomiques \u00bb de cette crise qui ne serait qu\u2019\u00e0 ses d\u00e9buts, avec des impacts sociaux durables. L\u2019importance r\u00e9elle du poids du secteur informel a \u00e9t\u00e9 mis \u00e0 nu. Face \u00e0 cette situation, Amadeus propose cinq piliers :<\/p>\n<p><strong>Le premier pilier vise l\u2019adaptation en construisant une \u00e9conomie forte bas\u00e9e sur la consommation et l\u2019investissement.<\/strong> C\u2019est le moment d\u2019innover les outils de financement et de structurer et int\u00e9grer l\u2019\u00e9conomie informelle, en g\u00e9n\u00e9ralisant le syst\u00e8me de protection m\u00e9dico-social et en instaurant un revenu de base universel, d\u2019entamer une r\u00e9forme fiscale volontariste et r\u00e9aliste, et d\u2019accorder un soutien particulier aux PME-PMI.<\/p>\n<p><strong>Le deuxi\u00e8me pilier est relatif \u00e0 l\u2019innovation<\/strong>, en favorisant l\u2019\u00e9mergence d\u2019une nouvelle forme de souverainet\u00e9 industrielle, \u00e0 travers le d\u00e9veloppement d\u2019un secteur industriel national comp\u00e9titif et innovant permettant de s\u2019affranchir progressivement de l\u2019importation, tout en ciblant les secteurs \u00e0 fort potentiel de d\u00e9veloppement.<\/p>\n<p><strong>Le troisi\u00e8me pilier pr\u00e9conise l\u2019agilit\u00e9 pour un commerce international<\/strong> profitable au Royaume, en consolidant l\u2019exp\u00e9rience de diversification dans les relations \u00e9conomiques internationales et en renfor\u00e7ant les acquis au niveau du continent Africain.<\/p>\n<p><strong>Le quatri\u00e8me pilier, fondamental, a trait \u00e0 la cr\u00e9ativit\u00e9, en lib\u00e9rant le capital humain,<\/strong> \u00e0 travers le renforcement des universit\u00e9s et leur articulation forte au march\u00e9 du travail, le d\u00e9veloppement de la recherche scientifique et la promotion de la culture entrepreneuriale.<\/p>\n<p><strong>Lire aussi | <a href=\"https:\/\/www.challenge.ma\/projet-de-loi-de-finances-2021-de-lurgence-dune-reforme-fiscale-153398\/\">Projet de loi de finances 2021: de l\u2019urgence d\u2019une r\u00e9forme fiscale<\/a><\/strong><\/p>\n<p><strong>Le cinqui\u00e8me pilier fait appel \u00e0 l\u2019efficacit\u00e9, en faisant du service public<\/strong> un catalyseur de la relance. Ce piler est au c\u0153ur de l\u2019 \u00ab Etat social \u00bb o\u00f9 le service public devient la substance premi\u00e8re du nouveau contrat social. C\u2019est l\u00e0 un ensemble d\u2019id\u00e9es\/propositions offertes, dans un rapport de 150 pages, aux d\u00e9cideurs pour nourrir des solutions concr\u00e8tes, adapt\u00e9es au contexte national. La mati\u00e8re grise est l\u00e0. La balle est dans le camp des acteurs politiques pr\u00eats \u00e0 une v\u00e9ritable comp\u00e9tition honn\u00eate pour servir leur pays.<\/p>\n<div class=\"vw-sticky-sidebar-wrapper vw-sticky-sidebar widget_text awac-wrapper widget_text awac widget custom_html-4 textwidget custom-html-widget\">\n<p class=\"has-background c12\"><span class=\"widget-title c11\">Tribune et D\u00e9bats<\/span><\/p>\n<p>La tribune qui vous parle d\u2019une actu, d\u2019un sujet qui fait d\u00e9bat, les traitent et les analysent. \u00c9conomistes et autres experts, patrons d\u2019entreprises, d\u00e9cideurs, acteurs de la soci\u00e9t\u00e9 civile, s\u2019y prononcent et contribuent \u00e0 sa grande richesse. Vous avez votre opinion, convergente ou diff\u00e9rente. Exprimez-la et mesurez-vous ainsi \u00e0 nos tribuns et d\u00e9batteurs.<\/p>\n<p>Envoyez vos analyses \u00e0 : <a href=\"\/cdn-cgi\/l\/email-protection#bbd8d4d5cfdad8cffbd8d3dad7d7ded5dcde95d6da\"><span class=\"__cf_email__\" data-cfemail=\"9af9f5f4eefbf9eedaf9f2fbf6f6fff4fdffb4f7fb\">[email\u00a0protected]<\/span><\/a>, en pr\u00e9cisant votre nom, votre pr\u00e9nom et votre m\u00e9tier.<\/p>\n<\/div>\n<p>Auteur: Mohamed Amine<br \/>\n<a href=\"https:\/\/www.challenge.ma\/amadeus-une-analyse-et-des-propositions-pertinentes-153730\/\">Cliquez ici pour lire l&rsquo;article depuis sa source.<\/a><\/p>\n","protected":false},"excerpt":{"rendered":"<p>La crise peut \u00eatre un facteur d\u2019innovation et de cr\u00e9ativit\u00e9 pour se pr\u00e9parer \u00e0 des changements profonds et irr\u00e9versibles. Dans sa derni\u00e8re contribution, l\u2019Institut Amadeus propose 5 piliers pour la relance et la construction du \u00ab mod\u00e8le de d\u00e9veloppement national Post Covid-19 \u00bb. La crise sanitaire actuelle due au Covid-19 a provoqu\u00e9 un coup d\u2019arr\u00eat [&hellip;]<\/p>\n","protected":false},"author":1787,"featured_media":0,"comment_status":"closed","ping_status":"closed","sticky":false,"template":"","format":"standard","meta":{"fifu_image_url":"","fifu_image_alt":"","footnotes":""},"categories":[78,54],"tags":[],"class_list":["post-96846","post","type-post","status-publish","format-standard","hentry","category-economie","category-maroc"],"_links":{"self":[{"href":"https:\/\/linitiative.ca\/International\/wp-json\/wp\/v2\/posts\/96846","targetHints":{"allow":["GET"]}}],"collection":[{"href":"https:\/\/linitiative.ca\/International\/wp-json\/wp\/v2\/posts"}],"about":[{"href":"https:\/\/linitiative.ca\/International\/wp-json\/wp\/v2\/types\/post"}],"author":[{"embeddable":true,"href":"https:\/\/linitiative.ca\/International\/wp-json\/wp\/v2\/users\/1787"}],"replies":[{"embeddable":true,"href":"https:\/\/linitiative.ca\/International\/wp-json\/wp\/v2\/comments?post=96846"}],"version-history":[{"count":0,"href":"https:\/\/linitiative.ca\/International\/wp-json\/wp\/v2\/posts\/96846\/revisions"}],"wp:attachment":[{"href":"https:\/\/linitiative.ca\/International\/wp-json\/wp\/v2\/media?parent=96846"}],"wp:term":[{"taxonomy":"category","embeddable":true,"href":"https:\/\/linitiative.ca\/International\/wp-json\/wp\/v2\/categories?post=96846"},{"taxonomy":"post_tag","embeddable":true,"href":"https:\/\/linitiative.ca\/International\/wp-json\/wp\/v2\/tags?post=96846"}],"curies":[{"name":"wp","href":"https:\/\/api.w.org\/{rel}","templated":true}]}}