{"id":96857,"date":"2020-08-25T15:40:29","date_gmt":"2020-08-25T19:40:29","guid":{"rendered":"https:\/\/linitiative.ca\/International\/deces-de-pascal-lissouba\/"},"modified":"2020-08-25T15:40:29","modified_gmt":"2020-08-25T19:40:29","slug":"deces-de-pascal-lissouba","status":"publish","type":"post","link":"https:\/\/linitiative.ca\/International\/deces-de-pascal-lissouba\/","title":{"rendered":"DECES DE PASCAL LISSOUBA"},"content":{"rendered":"<div class=\"stream-item stream-item-above-post-content\">\n<p><noscript><\/p>\n<p><a href=\"\/\/www3.smartadserver.com\/ac?jump=1&amp;nwid=2136&amp;siteid=240610&amp;pgname=rg&amp;fmtid=49046&amp;visit=m&amp;tmstp=[timestamp]&amp;out=nonrich\" target=\"_blank\" rel=\"noopener noreferrer\"><img decoding=\"async\" src=\"http:\/\/www3.smartadserver.com\/ac?out=nonrich&amp;nwid=2136&amp;siteid=240610&amp;pgname=rg&amp;fmtid=49046&amp;visit=m&amp;tmstp=[timestamp]\" border=\"0\" alt=\"\"\/><\/a><\/p>\n<p><\/noscript><\/div>\n<p class=\"c3\"><em>Rong\u00e9 depuis des ann\u00e9es par la maladie, l\u2019ex-Premier ministre et ancien pr\u00e9sident du Congo Brazaville, Pascal Lissouba,\u00a0 a tir\u00e9 sa r\u00e9v\u00e9rence. C\u2019\u00e9tait le 24 ao\u00fbt dernier \u00e0 Perpignan, dans les Pyr\u00e9n\u00e9es-Orientales qu\u2019il affectionnait tant pour sa verdure et ses montagnes, dit-on. Celui que le Congo Brazaville pleure aujourd\u2019hui, s\u2019\u00e9tait depuis quelques ann\u00e9es claquemur\u00e9\u00a0 dans un silence, pour le moins ahurissant\u00a0; lui qui, m\u00eame \u00e0 distance, s\u2019int\u00e9ressait beaucoup \u00e0 la politique int\u00e9rieure de son pays. L\u2019ann\u00e9e qui l\u2019aura marqu\u00e9 \u00e0 jamais, est 1977 o\u00f9, jet\u00e9 en prison et persuad\u00e9 qu\u2019il y mourrait, il \u00e9crivit son testament en ces phrases qui r\u00e9sonnent encore dans les esprits de certains de ses proches\u00a0: \u00ab\u00a0 Si je meurs, quelles qu\u2019en soient les circonstances, je demande le respect strict de ce qui suit\u00a0(\u2026) Pas de fleurs. Des chants, des ch\u0153urs, des danses du pays\u2026\u00a0\u00bb\u00a0 Si le d\u00e9sormais ex-professeur de g\u00e9n\u00e9tique que d\u2019aucuns appelaient le \u00ab\u00a0scientifique politique\u00a0\u00bb pr\u00e9sent\u00e9 comme l\u2019ennemi jur\u00e9 de Denis Sassou Nguesso, doit une fi\u00e8re chandelle \u00e0 l\u2019ex-pr\u00e9sident gabonais Omar Bongo pour l\u2019avoir, entre-temps, tir\u00e9 d\u2019affaire, il lui en voulait cependant pour le r\u00f4le trouble qu\u2019il a jou\u00e9 pendant la guerre civile\u00a0 qu\u2019a connue le Congo.<\/em><\/p>\n<p class=\"c3\"><em>\u00a0<\/em><\/p>\n<p class=\"c4\"><strong><em>L\u2019histoire de l\u2019homme\u00a0 qui vient de rendre l\u2019\u00e2me, fait intrins\u00e8quement corps avec l\u2019histoire politique du Congo<\/em><\/strong><\/p>\n<p class=\"c3\"><em>\u00a0<\/em><\/p>\n<p class=\"c3\"><em>Il le r\u00e9sume dans la formule suivante devenue tr\u00e8s c\u00e9l\u00e8bre: \u00ab\u00a0 En 1997, Bongo m\u2019a sauv\u00e9 la vie et en 1997, le m\u00eame Bongo m\u2019a tu\u00e9\u00a0\u00bb. En effet, gr\u00e2ce \u00e0 l\u2019intervention de feu Omar Bongo Ondimba, Pascal Lissouba a \u00e9chapp\u00e9 au peloton d\u2019ex\u00e9cution de Sassou en 1997. Mais pour l\u2019ex-chef de guerre, c\u2019est par le m\u00eame pays de Bongo que transitaient les armes que commandait le camp\u00a0 de son rival qui a fini par mettre en d\u00e9route ses troupes pendant la guerre civile de 1993-1994 puis en 1997. Et ce n\u2019est pas tout. Pascal Lissouba n\u2019a jamais pardonn\u00e9 \u00e0 l\u2019ex-pr\u00e9sident fran\u00e7ais, Jacques Chirac, qu\u2019il accuse d\u2019avoir travaill\u00e9 en intelligence avec Bongo pour le chasser du pouvoir. De ce qui pr\u00e9c\u00e8de, on peut dire que l\u2019histoire de l\u2019homme\u00a0 qui vient de rendre l\u2019\u00e2me, fait intrins\u00e8quement corps avec l\u2019histoire politique du Congo qui, il faut le dire, s\u2019est \u00e9crite en lettres de sang. En t\u00e9moignent les affrontements sanglants qui ont oppos\u00e9 d\u2019un c\u00f4t\u00e9 les Ninjas de Bernard Kol\u00e9las et les Zoulous de Lissouba et de l\u2019autre les Cobras de Sassou, qui ont\u00a0\u00a0 co\u00fbt\u00e9 la vie \u00e0 plus de 15 000 personnes en l\u2019espace de quatre mois. C\u2019\u00e9tait en 1997 lorsque, sur ordre\u00a0 de Lissouba, la r\u00e9sidence de Sassou a \u00e9t\u00e9 encercl\u00e9e par des \u00e9l\u00e9ments de l\u2019arm\u00e9e avec des blind\u00e9s. En tout cas, sur Pascal Lissouba, on peut passer le temps \u00e0 ergoter, tant il a marqu\u00e9 l\u2019histoire politique de son pays. C\u2019est un grand baobab qui vient ainsi de s\u2019\u00e9crouler.<\/em><\/p>\n<p class=\"c3\"><em>\u00a0<\/em><\/p>\n<p class=\"c4\"><strong><em>B.O<\/em><\/strong><\/p>\n<p>Auteur: Le Pays<br \/>\n<a href=\"http:\/\/lepays.bf\/deces-de-pascal-lissouba-2\/\">Cliquez ici pour lire l&rsquo;article depuis sa source.<\/a><\/p>\n","protected":false},"excerpt":{"rendered":"<p>Rong\u00e9 depuis des ann\u00e9es par la maladie, l\u2019ex-Premier ministre et ancien pr\u00e9sident du Congo Brazaville, Pascal Lissouba,\u00a0 a tir\u00e9 sa r\u00e9v\u00e9rence. C\u2019\u00e9tait le 24 ao\u00fbt dernier \u00e0 Perpignan, dans les Pyr\u00e9n\u00e9es-Orientales qu\u2019il affectionnait tant pour sa verdure et ses montagnes, dit-on. Celui que le Congo Brazaville pleure aujourd\u2019hui, s\u2019\u00e9tait depuis quelques ann\u00e9es claquemur\u00e9\u00a0 dans un [&hellip;]<\/p>\n","protected":false},"author":1813,"featured_media":0,"comment_status":"closed","ping_status":"closed","sticky":false,"template":"","format":"standard","meta":{"fifu_image_url":"","fifu_image_alt":"","footnotes":""},"categories":[73,81],"tags":[],"class_list":["post-96857","post","type-post","status-publish","format-standard","hentry","category-actualite","category-burkina-faso"],"_links":{"self":[{"href":"https:\/\/linitiative.ca\/International\/wp-json\/wp\/v2\/posts\/96857","targetHints":{"allow":["GET"]}}],"collection":[{"href":"https:\/\/linitiative.ca\/International\/wp-json\/wp\/v2\/posts"}],"about":[{"href":"https:\/\/linitiative.ca\/International\/wp-json\/wp\/v2\/types\/post"}],"author":[{"embeddable":true,"href":"https:\/\/linitiative.ca\/International\/wp-json\/wp\/v2\/users\/1813"}],"replies":[{"embeddable":true,"href":"https:\/\/linitiative.ca\/International\/wp-json\/wp\/v2\/comments?post=96857"}],"version-history":[{"count":0,"href":"https:\/\/linitiative.ca\/International\/wp-json\/wp\/v2\/posts\/96857\/revisions"}],"wp:attachment":[{"href":"https:\/\/linitiative.ca\/International\/wp-json\/wp\/v2\/media?parent=96857"}],"wp:term":[{"taxonomy":"category","embeddable":true,"href":"https:\/\/linitiative.ca\/International\/wp-json\/wp\/v2\/categories?post=96857"},{"taxonomy":"post_tag","embeddable":true,"href":"https:\/\/linitiative.ca\/International\/wp-json\/wp\/v2\/tags?post=96857"}],"curies":[{"name":"wp","href":"https:\/\/api.w.org\/{rel}","templated":true}]}}