{"id":96882,"date":"2020-08-25T03:22:47","date_gmt":"2020-08-25T07:22:47","guid":{"rendered":"https:\/\/linitiative.ca\/International\/fonds-proto-les-laureats-recoivent-leurs-recompenses\/"},"modified":"2020-08-25T03:22:47","modified_gmt":"2020-08-25T07:22:47","slug":"fonds-proto-les-laureats-recoivent-leurs-recompenses","status":"publish","type":"post","link":"https:\/\/linitiative.ca\/International\/fonds-proto-les-laureats-recoivent-leurs-recompenses\/","title":{"rendered":"Fonds proto : les laur\u00e9ats re\u00e7oivent leurs r\u00e9compenses"},"content":{"rendered":"<p>Le fonds d\u2019appui au prototypage en abr\u00e9g\u00e9 \u00ab\u00a0Fonds proto\u00a0\u00bb, a prim\u00e9 ce 20 ao\u00fbt sa premi\u00e8re cuv\u00e9e de laur\u00e9ats, \u00e0 l\u2019issu du concours lanc\u00e9 par l\u2019Agence de promotion des petites et moyennes entreprises (Apme), du 15 juin au 15 juillet. C\u2019\u00e9tait au cours d\u2019une soir\u00e9e de remise de prix organis\u00e9e \u00e0 l\u2019h\u00f4tel de ville de Yaound\u00e9. Sur 50 projets retenus, 20 principaux ont \u00e9t\u00e9 r\u00e9compens\u00e9 avec des enveloppes allant de 2 \u00e0 5 millions de FCFA. Les laur\u00e9ats \u00e9taient class\u00e9s dans les cat\u00e9gories Grand prix\u00a0; prix sp\u00e9ciaux fonds-proto constitu\u00e9 des prix de la meilleure innovation, meilleur jeune talent, innovation sociale et environnementale et projet du terroir. Les derni\u00e8res cat\u00e9gories de r\u00e9compenses \u00e9tant destin\u00e9es aux prix sp\u00e9ciaux pour les fili\u00e8res et prix sp\u00e9ciaux au nom des sponsors\/m\u00e9c\u00e8nes.\u00a0<\/p>\n<p><strong>Lire aussi<\/strong> : <a href=\"https:\/\/ecomatin.net\/fonds-proto-lapme-octroie-50-millions-a-20-porteurs-de-projets\/\">Fonds proto\u00a0: l\u2019Apme octroie 50 millions \u00e0 20 porteurs de projets<\/a><\/p>\n<p>Pour Achille Basselikin III le fonds proto est un \u00ab\u00a0<em>dispositif pour accompagner les jeunes entrepreneurs en phase d\u2019amor\u00e7age, \u00e0 travers une d\u00e9marche de prototypage rapide de leurs solutions. Dans la perspective de r\u00e9duire non seulement le taux de mortalit\u00e9 ou d\u2019abandon pr\u00e9coce de leurs projets, et c\u2019est tout aussi la possibilit\u00e9 qui leur est offerte de constituer des articles de propri\u00e9t\u00e9s intellectuelles et d\u2019accro\u00eetre leurs capacit\u00e9s d\u2019acc\u00e8s aux cr\u00e9dits professionnels<\/em>\u00bb.<\/p>\n<p><strong>Lire aussi<\/strong> : <a href=\"https:\/\/ecomatin.net\/de-nouvelles-missions-pour-lapme\/\">De nouvelles missions pour l\u2019Apme<\/a><\/p>\n<p><strong>Le concours en lui-m\u00eame<\/strong><\/p>\n<p>Pour faire partir des finalistes, 2 \u00e9tapes devaient \u00eatre franchies par les porteurs de projets \u00e0 savoir celle de la pr\u00e9s\u00e9lection et de la s\u00e9lection, effectu\u00e9 par 2 jurys form\u00e9s de 18 personnalit\u00e9s que sont entre autres le Pr Charles Awono, pr\u00e9sident du jury\u00a0; Adamou Aminatou Manon, dirigeante club des investisseurs internationaux\u00a0; Boussafou Guy Fran\u00e7is, directeur des brevets et autres cr\u00e9ations technique \u00e0 l\u2019Oapi\u00a0; Julius Berdu Manjo, Directeur g\u00e9n\u00e9ral NFC Bank.<\/p>\n<p>Les chiffres de cette \u00e9dition d\u00e9voilent qu\u2019apr\u00e8s la campagne m\u00e9diatique men\u00e9e par l\u2019Apme, 315\u00a0114 personnes ont \u00e9t\u00e9 touch\u00e9es par l\u2019appel \u00e0 candidature du fonds de prototypage, 1070 personnes se sont inscrites sur la plateforme d\u00e9di\u00e9e \u00e0 cet effet, 770 formulaires de candidatures ont \u00e9t\u00e9 enregistr\u00e9s et 177 candidatures soumises ont \u00e9t\u00e9 \u00e9valu\u00e9es. Sur les diff\u00e9rents projets \u00e9valu\u00e9s, 17 secteurs d\u2019activit\u00e9s pr\u00e9sent\u00e9s par les porteurs de projets s\u2019alignent sur la Strat\u00e9gie nationale de d\u00e9veloppement fix\u00e9e par le gouvernement et sur laquelle s\u2019appuie le fonds proto.<\/p>\n<p><strong>Lire aussi<\/strong> : <a href=\"https:\/\/ecomatin.net\/la-banque-des-pme-perd-annuellement-au-moins-1-milliard-de-f-cfa\/\">La Banques des PME perd annuellement au moins 1 milliard de FCFA<\/a><\/p>\n<p>Les laur\u00e9ats du jour, ne cacheront pas alors leur joie face \u00e0 la reconnaissance que leur accorde le gouvernement tout en se projetant d\u00e9j\u00e0 dans le futur. \u00ab<em>Nous venons ici dans le cadre du fonds de prototypage parce que nous esp\u00e9rons que notre portique ne va pas s\u2019arr\u00eater \u00e0 la d\u00e9sinfection. Apr\u00e8s le covid il faudrait que ce portique reste. Nous voulons le doter de beaucoup de capteurs pour que d\u00e8s que l\u2019on entre dans le portique en plus de la d\u00e9sinfection, que l\u2019on puisse avoir la d\u00e9tection des m\u00e9taux, le poids de la personne, qu\u2019elle puisse \u00eatre film\u00e9. \u00c7a changera par exemple de ces registres qu\u2019on voit devant les buildings o\u00f9 l\u2019on prend votre carte d\u2019identit\u00e9 on vous enregistre. Nous voulons faire \u00e9voluer le portique gr\u00e2ce au fonds de prototypage<\/em>\u00a0\u00bb, confie Serges Armel\u00a0Ndjidjou\u00a0laur\u00e9at du Grand prix du pr\u00e9sident de la R\u00e9publique, pour son innovation sur le portique de d\u00e9sinfection en cette p\u00e9riode de Covid-19.<\/p>\n<p>Rappelons que l\u2019\u00e9dition 2020, du fonds proto n\u2019\u00e9tait qu\u2019\u00e0 sa phase pilote. Pour les \u00e9ditions suivantes, le Minpmeesa envisage:\u00ab\u00a0<em>mont\u00e9 en puissance l\u2019ann\u00e9e prochaine avec une mobilisation d\u2019un milliard de FCFA, pour accompagner des projets de d\u00e9veloppement et l\u2019ann\u00e9e trois ce sera plus d\u2019un milliard et demi de FCFA<\/em>\u00a0\u00bb.<\/p>\n<p><strong>Lire aussi<\/strong> : <a href=\"https:\/\/ecomatin.net\/boissons-hygieniques-lapme-verse-1-milliard-fcfa-au-groupe-exossa-afric-pour-ses-activites\/\">Boissons hygi\u00e9niques\u00a0: l\u2019Apme verse 1 milliard de FCFA au groupe Exossa Afric pour ses activit\u00e9s<\/a><\/p>\n<p>Rappelons que le fonds d\u2019appui au prototypage, a pour objectifs de faciliter l\u2019acc\u00e8s au march\u00e9 des produits et services en produisant des prototypes d\u00e9finitifs au b\u00e9n\u00e9fice des nouvelles entreprises, startups, et petites entreprises\u00a0; mobiliser les acteurs financiers et investisseurs pour financer les \u00e9tapes du prototypage\u00a0; assurer la viabilit\u00e9 et la p\u00e9rennit\u00e9 du fonds avec le soutien du gouvernement des institutions financi\u00e8res et bancaires, ainsi que les organisations internationales.<\/p>\n<div class=\"awac-wrapper awac widget posts-list-widget-11\">\n<h4 class=\"widget-title\">Le plus r\u00e9cent<\/h4>\n<\/div>\n<p>Auteur: Eco Matin<br \/>\n<a href=\"https:\/\/ecomatin.net\/fonds-proto-les-laureats-recoivent-leurs-recompenses\/\">Cliquez ici pour lire l&rsquo;article depuis sa source.<\/a><\/p>\n","protected":false},"excerpt":{"rendered":"<p>Le fonds d\u2019appui au prototypage en abr\u00e9g\u00e9 \u00ab\u00a0Fonds proto\u00a0\u00bb, a prim\u00e9 ce 20 ao\u00fbt sa premi\u00e8re cuv\u00e9e de laur\u00e9ats, \u00e0 l\u2019issu du concours lanc\u00e9 par l\u2019Agence de promotion des petites et moyennes entreprises (Apme), du 15 juin au 15 juillet. C\u2019\u00e9tait au cours d\u2019une soir\u00e9e de remise de prix organis\u00e9e \u00e0 l\u2019h\u00f4tel de ville de [&hellip;]<\/p>\n","protected":false},"author":1969,"featured_media":0,"comment_status":"closed","ping_status":"closed","sticky":false,"template":"","format":"standard","meta":{"fifu_image_url":"","fifu_image_alt":"","footnotes":""},"categories":[82,78],"tags":[],"class_list":["post-96882","post","type-post","status-publish","format-standard","hentry","category-cameroun","category-economie"],"_links":{"self":[{"href":"https:\/\/linitiative.ca\/International\/wp-json\/wp\/v2\/posts\/96882","targetHints":{"allow":["GET"]}}],"collection":[{"href":"https:\/\/linitiative.ca\/International\/wp-json\/wp\/v2\/posts"}],"about":[{"href":"https:\/\/linitiative.ca\/International\/wp-json\/wp\/v2\/types\/post"}],"author":[{"embeddable":true,"href":"https:\/\/linitiative.ca\/International\/wp-json\/wp\/v2\/users\/1969"}],"replies":[{"embeddable":true,"href":"https:\/\/linitiative.ca\/International\/wp-json\/wp\/v2\/comments?post=96882"}],"version-history":[{"count":0,"href":"https:\/\/linitiative.ca\/International\/wp-json\/wp\/v2\/posts\/96882\/revisions"}],"wp:attachment":[{"href":"https:\/\/linitiative.ca\/International\/wp-json\/wp\/v2\/media?parent=96882"}],"wp:term":[{"taxonomy":"category","embeddable":true,"href":"https:\/\/linitiative.ca\/International\/wp-json\/wp\/v2\/categories?post=96882"},{"taxonomy":"post_tag","embeddable":true,"href":"https:\/\/linitiative.ca\/International\/wp-json\/wp\/v2\/tags?post=96882"}],"curies":[{"name":"wp","href":"https:\/\/api.w.org\/{rel}","templated":true}]}}