{"id":96883,"date":"2020-08-25T05:46:08","date_gmt":"2020-08-25T09:46:08","guid":{"rendered":"https:\/\/linitiative.ca\/International\/vera-songwe-en-lice-pour-la-presidence-de-la-sfi\/"},"modified":"2020-08-25T05:46:08","modified_gmt":"2020-08-25T09:46:08","slug":"vera-songwe-en-lice-pour-la-presidence-de-la-sfi","status":"publish","type":"post","link":"https:\/\/linitiative.ca\/International\/vera-songwe-en-lice-pour-la-presidence-de-la-sfi\/","title":{"rendered":"Vera Songwe en lice pour la pr\u00e9sidence de la SFI"},"content":{"rendered":"<p>Le poste de Directeur g\u00e9n\u00e9ral de la Soci\u00e9t\u00e9 Financi\u00e8re Internationale (SFI), sera \u00e0 pourvoir \u00e0 partir du 1<sup>er<\/sup>\u00a0octobre prochain. Ceci fait suite \u00e0 la d\u00e9mission de son ancien Directeur Philippe Le Hou\u00e9rou, qui avait annonc\u00e9 sa d\u00e9missionn\u00e9 sur Twitter, le 7 juin dernier. Pour lui succ\u00e9der alors, deux pointures africaines sont en course \u00e0 savoir l\u2019Ivoirien Thierry Tanon et l\u2019\u00e9conomiste camerounaise Vera Songwe.<\/p>\n<p>Son futur rempla\u00e7ant sera\u00a0\u00a0nomm\u00e9 par le Conseil d\u2019administration de la SFI, sur la recommandation du pr\u00e9sident de la Banque mondiale, David Malpass. Selon des indiscr\u00e9tions,\u00a0leurs dossiers auraient d\u00e9j\u00e0 \u00e9t\u00e9 envoy\u00e9s au Conseil d\u2019administration de la SFI par le pr\u00e9sident de la Banque Mondiale.<\/p>\n<p><strong>Lire aussi<\/strong> : <a href=\"https:\/\/ecomatin.net\/qui-sont-les-06-camerounais-les-plus-puissants-du-top-100-de-jeune-afrique\/\">Qui sont les 06 Camerounais les plus puissants du top 100 de Jeune Afrique<\/a><\/p>\n<p>S\u2019agissant des deux protagonistes, ce sont des acteurs bien connu dans le secteur de l\u2019\u00e9conomie de leurs pays et du continent. L\u2019\u00e9conomiste Vera Songwe, occupe depuis le 13 avril 2017 le poste de Secr\u00e9taire Ex\u00e9cutive de la Commission \u00e9conomique pour l\u2019Afrique (CEA). Elle a \u00e9t\u00e9 nomm\u00e9e \u00e0 ce poste par le Secr\u00e9taire g\u00e9n\u00e9ral de l\u2019ONU, Antonio Guterres. Il est important de rappeler que Vera Songwe\u00a0\u00a0connait bien la Banque mondiale pour y avoir d\u00e9j\u00e0 travaill\u00e9. Ce que certains consid\u00e9raient comme un avantage \u00e0 sa d\u00e9signation. Elle a occup\u00e9 entre autres postes au sein de l\u2019institution de Breton Woods, celui de Directrice r\u00e9gionale pour l\u2019Afrique de l\u2019Ouest et l\u2019Afrique Centrale de la Soci\u00e9t\u00e9 financi\u00e8re internationale du Groupe de la Banque mondiale. De 2012 \u00e0 2015 elle a \u00e9t\u00e9 Directrice pour le S\u00e9n\u00e9gal, Cabo Verde, la Gambie, la Guin\u00e9e-Bissau et la Mauritanie. Avant \u00e7a de 2008 \u00e0 2011, elle \u00e9tait conseill\u00e8re aupr\u00e8s du Directeur g\u00e9n\u00e9ral de la Banque mondiale pour l\u2019Afrique, l\u2019Europe et les r\u00e9gions d\u2019Asie centrale et d\u2019Asie du Sud. De 2005 \u00e0 2008, elle a aussi \u00e9t\u00e9 coordonnatrice de secteur et \u00e9conomiste principale aux Philippines.<\/p>\n<p><strong>Lire aussi<\/strong> : \u00a0<a href=\"https:\/\/ecomatin.net\/zone-de-libre-echange-continentale-entree-en-vigueur-de-la-zlec-demain-sans-le-cameroun\/\">Entr\u00e9e en vigueur de la zone de libre-\u00e9change continentale ce 30 mai sans le Cameroun<\/a><\/p>\n<p>Pour l\u2019Ivoirien Thierry Tanoh, 58 ans, c\u2019est un ancien patron de la banque panafricaine Ecobank. Il est dipl\u00f4m\u00e9 de l\u2019Ecole sup\u00e9rieure de commerce d\u2019Abidjan et de Harvard. Entre 2008 et 2012, il a \u00e9t\u00e9 vice-pr\u00e9sident pour l\u2019Afrique subsaharienne, l\u2019Am\u00e9rique latine et Cara\u00efbes et Europe de l\u2019Ouest, de la Soci\u00e9t\u00e9 financi\u00e8re internationale.<\/p>\n<p>Notons que la Soci\u00e9t\u00e9 Financi\u00e8re Internationale est une organisation du Groupe de la Banque mondiale consacr\u00e9e au secteur priv\u00e9. Cr\u00e9\u00e9e en 1956, son capital est d\u00e9tenu par 185 pays membres. Son r\u00f4le est de faciliter le d\u00e9veloppement des entreprises dans les pays en d\u00e9veloppement, en particulier dans les march\u00e9s \u00e9mergents notamment la cr\u00e9ation d\u2019emplois, des recettes fiscales, d\u2019am\u00e9lioration de la gouvernance.<\/p>\n<p><strong>Lire aussi<\/strong> : <a href=\"https:\/\/ecomatin.net\/partenariat-public-prive-la-cea-et-aliko-dangote-lancent-une-coalition-pour-la-sante\/\">Partenariat public-priv\u00e9\u00a0: la CEA et Aliko Dangote lancent une coalition pour la sant\u00e9<\/a><\/p>\n<div class=\"awac-wrapper awac widget posts-list-widget-11\">\n<h4 class=\"widget-title\">Le plus r\u00e9cent<\/h4>\n<\/div>\n<p>Auteur: Eco Matin<br \/>\n<a href=\"https:\/\/ecomatin.net\/vera-songwe-en-lice-pour-la-presidence-de-la-sfi\/\">Cliquez ici pour lire l&rsquo;article depuis sa source.<\/a><\/p>\n","protected":false},"excerpt":{"rendered":"<p>Le poste de Directeur g\u00e9n\u00e9ral de la Soci\u00e9t\u00e9 Financi\u00e8re Internationale (SFI), sera \u00e0 pourvoir \u00e0 partir du 1er\u00a0octobre prochain. Ceci fait suite \u00e0 la d\u00e9mission de son ancien Directeur Philippe Le Hou\u00e9rou, qui avait annonc\u00e9 sa d\u00e9missionn\u00e9 sur Twitter, le 7 juin dernier. Pour lui succ\u00e9der alors, deux pointures africaines sont en course \u00e0 savoir [&hellip;]<\/p>\n","protected":false},"author":1969,"featured_media":0,"comment_status":"closed","ping_status":"closed","sticky":false,"template":"","format":"standard","meta":{"fifu_image_url":"","fifu_image_alt":"","footnotes":""},"categories":[82,78],"tags":[],"class_list":["post-96883","post","type-post","status-publish","format-standard","hentry","category-cameroun","category-economie"],"_links":{"self":[{"href":"https:\/\/linitiative.ca\/International\/wp-json\/wp\/v2\/posts\/96883","targetHints":{"allow":["GET"]}}],"collection":[{"href":"https:\/\/linitiative.ca\/International\/wp-json\/wp\/v2\/posts"}],"about":[{"href":"https:\/\/linitiative.ca\/International\/wp-json\/wp\/v2\/types\/post"}],"author":[{"embeddable":true,"href":"https:\/\/linitiative.ca\/International\/wp-json\/wp\/v2\/users\/1969"}],"replies":[{"embeddable":true,"href":"https:\/\/linitiative.ca\/International\/wp-json\/wp\/v2\/comments?post=96883"}],"version-history":[{"count":0,"href":"https:\/\/linitiative.ca\/International\/wp-json\/wp\/v2\/posts\/96883\/revisions"}],"wp:attachment":[{"href":"https:\/\/linitiative.ca\/International\/wp-json\/wp\/v2\/media?parent=96883"}],"wp:term":[{"taxonomy":"category","embeddable":true,"href":"https:\/\/linitiative.ca\/International\/wp-json\/wp\/v2\/categories?post=96883"},{"taxonomy":"post_tag","embeddable":true,"href":"https:\/\/linitiative.ca\/International\/wp-json\/wp\/v2\/tags?post=96883"}],"curies":[{"name":"wp","href":"https:\/\/api.w.org\/{rel}","templated":true}]}}