{"id":96897,"date":"2020-08-26T09:45:13","date_gmt":"2020-08-26T13:45:13","guid":{"rendered":"https:\/\/linitiative.ca\/International\/%ef%bb%bfguterres-prone-la-solidarite-internationale\/"},"modified":"2020-08-26T09:45:13","modified_gmt":"2020-08-26T13:45:13","slug":"%ef%bb%bfguterres-prone-la-solidarite-internationale","status":"publish","type":"post","link":"https:\/\/linitiative.ca\/International\/%ef%bb%bfguterres-prone-la-solidarite-internationale\/","title":{"rendered":"\ufeffGuterres pr\u00f4ne la solidarit\u00e9 internationale"},"content":{"rendered":"<p class=\"c2\"><strong>Face au Covid-19<\/strong><\/p>\n<p class=\"has-text-color c3\"><strong>Face \u00e0 la pand\u00e9mie de Covid-19, trop de pays ont choisi de suivre leur propre chemin, a regrett\u00e9 mardi le Secr\u00e9taire g\u00e9n\u00e9ral de l\u2019ONU, Ant\u00f3nio Guterres, qui a rappel\u00e9 que la gouvernance mondiale d\u00e9pend de la solidarit\u00e9 internationale. \u00abLa Covid 19 a soulign\u00e9 la n\u00e9cessit\u00e9 d\u2019un multilat\u00e9ralisme efficace.<\/strong><\/p>\n<p>Le multilat\u00e9ralisme doit aujourd\u2019hui \u00eatre mis en r\u00e9seau \u2013 avec l\u2019ONU et ses agences, la Banque mondiale et le Fonds mon\u00e9taire international, les organisations r\u00e9gionales, les organisations commerciales et d\u2019autres collaborant plus \u00e9troitement\u00bb, a d\u00e9clar\u00e9 M. Guterres dans un discours prononc\u00e9 en visioconf\u00e9rence lors du Forum europ\u00e9en Alpbach.<\/p>\n<p>\u00abLe multilat\u00e9ralisme doit \u00e9galement \u00eatre plus inclusif. Les gouvernements sont loin d\u2019\u00eatre les seules puissances dans le monde d\u2019aujourd\u2019hui.<\/p>\n<p>La soci\u00e9t\u00e9 civile, le monde des affaires, les autorit\u00e9s locales, les villes et les gouvernements r\u00e9gionaux assument de plus en plus un r\u00f4le de leadership\u00bb, a-t-il ajout\u00e9. \u00abSi nous pouvons renforcer la coop\u00e9ration internationale dans cette direction, nous pouvons avoir une gouvernance mondiale pr\u00e9sente l\u00e0 o\u00f9 elle est n\u00e9cessaire\u00bb. Le chef de l\u2019ONU a rappel\u00e9 toutefois que \u00abla gouvernance mondiale d\u00e9pend aussi de la solidarit\u00e9 mondiale\u00bb.<\/p>\n<p>\u00abJe suis pr\u00e9occup\u00e9 par le fait que la riposte \u00e0 la pand\u00e9mie ait vu trop de pays suivre leur propre chemin et trop peu d\u2019aide financi\u00e8re aux pays vuln\u00e9rables ayant le moins de capacit\u00e9s pour relever ce d\u00e9fi. Je comprends l\u2019impulsion de prendre soin de soi. Mais nous pouvons et devons faire les deux, et nous ne serons en s\u00e9curit\u00e9 que lorsque tout le monde le sera\u00bb, a-t-il dit.<\/p>\n<p>Le Secr\u00e9taire g\u00e9n\u00e9ral de l\u2019ONU s\u2019est toutefois dit optimiste relevant que \u00abla pand\u00e9mie a suscit\u00e9 un travail vraiment h\u00e9ro\u00efque de la part de beaucoup de personnes. Nous nous sommes montr\u00e9s capables de faire des changements importants et instantan\u00e9s \u2013 y compris la mobilisation d\u2019\u00e9normes sommes d\u2019argent m\u00eame si cela ne suffit toujours pas. Et des id\u00e9es qui semblaient autrefois \u00eatre des r\u00eaves et des projets fous sont soudainement sur la table ou dans le courant dominant \u00ab, a-t-il not\u00e9. \u00abCela montre ce qui peut \u00eatre fait face \u00e0 une situation d\u2019urgence\u00bb.<\/p>\n<p>Selon le chef de l\u2019ONU, le monde est \u00e0 un moment charni\u00e8re et l\u2019ONU, qui c\u00e9l\u00e8bre cette ann\u00e9e ses 75 ans, doit \u00abmontrer la valeur ajout\u00e9e du multilat\u00e9ralisme et la valeur ajout\u00e9e de l\u2019ONU, alors que nous nous effor\u00e7ons de construire un monde meilleur pour tous\u00bb.<\/p>\n<p>Alors que le monde affronte la pand\u00e9mie de Covid-19, M. Guterres a appel\u00e9 \u00e0 ne pas oublier la crise climatique qui \u00abpourrait entra\u00eener des perturbations encore plus importantes\u00bb que le coronavirus.<\/p>\n<p>Le Forum europ\u00e9en Alpbach (EFA) est une organisation autrichienne \u00e0 but non lucratif bas\u00e9e \u00e0 Vienne dont l\u2019objectif est de relier les d\u00e9cideurs internationaux de tous les secteurs de la soci\u00e9t\u00e9 avec un public int\u00e9ress\u00e9 et des jeunes engag\u00e9s dans les domaines de la politique, de la science, de l\u2019\u00e9conomie et de la culture.<\/p>\n<p>Auteur: M&rsquo;hammed rahal<br \/>\n<a href=\"http:\/\/albayane.press.ma\/%EF%BB%BFguterres-prone-la-solidarite-internationale.html\">Cliquez ici pour lire l&rsquo;article depuis sa source.<\/a><\/p>\n","protected":false},"excerpt":{"rendered":"<p>Face au Covid-19 Face \u00e0 la pand\u00e9mie de Covid-19, trop de pays ont choisi de suivre leur propre chemin, a regrett\u00e9 mardi le Secr\u00e9taire g\u00e9n\u00e9ral de l\u2019ONU, Ant\u00f3nio Guterres, qui a rappel\u00e9 que la gouvernance mondiale d\u00e9pend de la solidarit\u00e9 internationale. \u00abLa Covid 19 a soulign\u00e9 la n\u00e9cessit\u00e9 d\u2019un multilat\u00e9ralisme efficace. Le multilat\u00e9ralisme doit aujourd\u2019hui [&hellip;]<\/p>\n","protected":false},"author":1760,"featured_media":0,"comment_status":"closed","ping_status":"closed","sticky":false,"template":"","format":"standard","meta":{"fifu_image_url":"","fifu_image_alt":"","footnotes":""},"categories":[73,54],"tags":[],"class_list":["post-96897","post","type-post","status-publish","format-standard","hentry","category-actualite","category-maroc"],"_links":{"self":[{"href":"https:\/\/linitiative.ca\/International\/wp-json\/wp\/v2\/posts\/96897","targetHints":{"allow":["GET"]}}],"collection":[{"href":"https:\/\/linitiative.ca\/International\/wp-json\/wp\/v2\/posts"}],"about":[{"href":"https:\/\/linitiative.ca\/International\/wp-json\/wp\/v2\/types\/post"}],"author":[{"embeddable":true,"href":"https:\/\/linitiative.ca\/International\/wp-json\/wp\/v2\/users\/1760"}],"replies":[{"embeddable":true,"href":"https:\/\/linitiative.ca\/International\/wp-json\/wp\/v2\/comments?post=96897"}],"version-history":[{"count":0,"href":"https:\/\/linitiative.ca\/International\/wp-json\/wp\/v2\/posts\/96897\/revisions"}],"wp:attachment":[{"href":"https:\/\/linitiative.ca\/International\/wp-json\/wp\/v2\/media?parent=96897"}],"wp:term":[{"taxonomy":"category","embeddable":true,"href":"https:\/\/linitiative.ca\/International\/wp-json\/wp\/v2\/categories?post=96897"},{"taxonomy":"post_tag","embeddable":true,"href":"https:\/\/linitiative.ca\/International\/wp-json\/wp\/v2\/tags?post=96897"}],"curies":[{"name":"wp","href":"https:\/\/api.w.org\/{rel}","templated":true}]}}