{"id":96907,"date":"2020-08-26T10:40:00","date_gmt":"2020-08-26T14:40:00","guid":{"rendered":"https:\/\/linitiative.ca\/International\/houssame-hatri-arrete-a-maghnia-apres-plusieurs-annees-de-cavale\/"},"modified":"2020-08-26T10:40:00","modified_gmt":"2020-08-26T14:40:00","slug":"houssame-hatri-arrete-a-maghnia-apres-plusieurs-annees-de-cavale","status":"publish","type":"post","link":"https:\/\/linitiative.ca\/International\/houssame-hatri-arrete-a-maghnia-apres-plusieurs-annees-de-cavale\/","title":{"rendered":"Houssame Hatri arr\u00eat\u00e9 \u00e0 Maghnia apr\u00e8s plusieurs ann\u00e9es de cavale"},"content":{"rendered":"<div id=\"originalText\" readability=\"67\">\n<p>Houssame Hatri, condamn\u00e9 par contumace en\u00a02018 en France \u00e0 16 ans de prison pour une agression\u00a0avec viol en\u00a0 2014, a \u00e9t\u00e9 interpell\u00e9 en juillet \u00e0 Maghnia, dans la wilaya de Tlemcen, dans l&rsquo;ouest alg\u00e9rien, a rapport\u00e9 l\u2019AFP, ce mercredi, citant des sources\u00a0proches du dossier \u00a0judiciaire.<\/p>\n<p>\u00abLe jeune homme de 24 ans de nationalit\u00e9 franco-alg\u00e9rienne, en fuite lors de son proc\u00e8s, a \u00e9t\u00e9 arr\u00eat\u00e9 le 23 juillet par la police alg\u00e9rienne \u00e0 Maghnia\u00a0 (nord-ouest) et incarc\u00e9r\u00e9, selon la source proche du dossier. Il sera rejug\u00e9 en Alg\u00e9rie &#8211; qui n&rsquo;extrade pas ses ressortissants comme la\u00a0 grande majorit\u00e9 des pays &#8211; pour ce crime\u00a0\u00bb, indique la m\u00eame source, pr\u00e9cisant que \u00able fugitif avait \u00e9t\u00e9 localis\u00e9 \u00e0 Maghnia d\u00e8s f\u00e9vrier gr\u00e2ce aux \u00e9coutes et aux surveillances r\u00e9alis\u00e9es aupr\u00e8s de son entourage par les enqu\u00eateurs fran\u00e7ais de la Brigade nationale de recherche des fugitifs (BNRF), saisie en janvier\u00bb.<\/p>\n<p>Le 1er d\u00e9cembre 2014, Laurine et son compagnon d&rsquo;alors Jonathan, de\u00a0 confession juive, avaient \u00e9t\u00e9 agress\u00e9s par trois hommes, qui les avaient\u00a0 ligot\u00e9s, b\u00e2illonn\u00e9s avant de fouiller l&rsquo;appartement \u00e0 la recherche d&rsquo;argent\u00a0 liquide, sous pr\u00e9texte que \u00ab\u00a0les juifs, \u00e7a met pas l&rsquo;argent \u00e0 la banque\u00a0\u00bb, a rappel\u00e9 l\u2019AFP, ajoutant que les\u00a0agresseurs avaient aussi menac\u00e9 de les \u00ab\u00a0buter\u00a0\u00bb et que la jeune femme avait \u00e9t\u00e9 viol\u00e9e\u00a0 par l&rsquo;un d&rsquo;eux.<\/p>\n<p class=\"c6\"><strong>R\u00e9daction Web \/ AFP<\/strong><\/p>\n<\/div>\n<div id=\"text_core\" readability=\"67\">\n<p>Houssame Hatri, condamn\u00e9 par contumace en\u00a02018 en France \u00e0 16 ans de prison pour une agression\u00a0avec viol en\u00a0 2014, a \u00e9t\u00e9 interpell\u00e9 en juillet \u00e0 Maghnia, dans la wilaya de Tlemcen, dans l&rsquo;ouest alg\u00e9rien, a rapport\u00e9 l\u2019AFP, ce mercredi, citant des sources\u00a0proches du dossier \u00a0judiciaire.<\/p>\n<p>\u00abLe jeune homme de 24 ans de nationalit\u00e9 franco-alg\u00e9rienne, en fuite lors de son proc\u00e8s, a \u00e9t\u00e9 arr\u00eat\u00e9 le 23 juillet par la police alg\u00e9rienne \u00e0 Maghnia\u00a0 (nord-ouest) et incarc\u00e9r\u00e9, selon la source proche du dossier. Il sera rejug\u00e9 en Alg\u00e9rie &#8211; qui n&rsquo;extrade pas ses ressortissants comme la\u00a0 grande majorit\u00e9 des pays &#8211; pour ce crime\u00a0\u00bb, indique la m\u00eame source, pr\u00e9cisant que \u00able fugitif avait \u00e9t\u00e9 localis\u00e9 \u00e0 Maghnia d\u00e8s f\u00e9vrier gr\u00e2ce aux \u00e9coutes et aux surveillances r\u00e9alis\u00e9es aupr\u00e8s de son entourage par les enqu\u00eateurs fran\u00e7ais de la Brigade nationale de recherche des fugitifs (BNRF), saisie en janvier\u00bb.<\/p>\n<p>Le 1er d\u00e9cembre 2014, Laurine et son compagnon d&rsquo;alors Jonathan, de\u00a0 confession juive, avaient \u00e9t\u00e9 agress\u00e9s par trois hommes, qui les avaient\u00a0 ligot\u00e9s, b\u00e2illonn\u00e9s avant de fouiller l&rsquo;appartement \u00e0 la recherche d&rsquo;argent\u00a0 liquide, sous pr\u00e9texte que \u00ab\u00a0les juifs, \u00e7a met pas l&rsquo;argent \u00e0 la banque\u00a0\u00bb, a rappel\u00e9 l\u2019AFP, ajoutant que les\u00a0agresseurs avaient aussi menac\u00e9 de les \u00ab\u00a0buter\u00a0\u00bb et que la jeune femme avait \u00e9t\u00e9 viol\u00e9e\u00a0 par l&rsquo;un d&rsquo;eux.<\/p>\n<p class=\"c6\"><strong>R\u00e9daction Web \/ AFP<\/strong><\/p>\n<\/div>\n<p>Auteur:<br \/>\n<a href=\"https:\/\/www.liberte-algerie.com\/actualite\/houssame-hatri-arrete-a-maghnia-apres-plusieurs-annees-de-cavale-344470\">Cliquez ici pour lire l&rsquo;article depuis sa source.<\/a><\/p>\n","protected":false},"excerpt":{"rendered":"<p>Houssame Hatri, condamn\u00e9 par contumace en\u00a02018 en France \u00e0 16 ans de prison pour une agression\u00a0avec viol en\u00a0 2014, a \u00e9t\u00e9 interpell\u00e9 en juillet \u00e0 Maghnia, dans la wilaya de Tlemcen, dans l&rsquo;ouest alg\u00e9rien, a rapport\u00e9 l\u2019AFP, ce mercredi, citant des sources\u00a0proches du dossier \u00a0judiciaire. \u00abLe jeune homme de 24 ans de nationalit\u00e9 franco-alg\u00e9rienne, en [&hellip;]<\/p>\n","protected":false},"author":1742,"featured_media":0,"comment_status":"closed","ping_status":"closed","sticky":false,"template":"","format":"standard","meta":{"fifu_image_url":"","fifu_image_alt":"","footnotes":""},"categories":[73,53],"tags":[],"class_list":["post-96907","post","type-post","status-publish","format-standard","hentry","category-actualite","category-algerie"],"_links":{"self":[{"href":"https:\/\/linitiative.ca\/International\/wp-json\/wp\/v2\/posts\/96907","targetHints":{"allow":["GET"]}}],"collection":[{"href":"https:\/\/linitiative.ca\/International\/wp-json\/wp\/v2\/posts"}],"about":[{"href":"https:\/\/linitiative.ca\/International\/wp-json\/wp\/v2\/types\/post"}],"author":[{"embeddable":true,"href":"https:\/\/linitiative.ca\/International\/wp-json\/wp\/v2\/users\/1742"}],"replies":[{"embeddable":true,"href":"https:\/\/linitiative.ca\/International\/wp-json\/wp\/v2\/comments?post=96907"}],"version-history":[{"count":0,"href":"https:\/\/linitiative.ca\/International\/wp-json\/wp\/v2\/posts\/96907\/revisions"}],"wp:attachment":[{"href":"https:\/\/linitiative.ca\/International\/wp-json\/wp\/v2\/media?parent=96907"}],"wp:term":[{"taxonomy":"category","embeddable":true,"href":"https:\/\/linitiative.ca\/International\/wp-json\/wp\/v2\/categories?post=96907"},{"taxonomy":"post_tag","embeddable":true,"href":"https:\/\/linitiative.ca\/International\/wp-json\/wp\/v2\/tags?post=96907"}],"curies":[{"name":"wp","href":"https:\/\/api.w.org\/{rel}","templated":true}]}}