{"id":96908,"date":"2020-08-25T15:25:09","date_gmt":"2020-08-25T19:25:09","guid":{"rendered":"https:\/\/linitiative.ca\/International\/session-de-formation-sur-les-bases-des-premiers-secours\/"},"modified":"2020-08-25T15:25:09","modified_gmt":"2020-08-25T19:25:09","slug":"session-de-formation-sur-les-bases-des-premiers-secours","status":"publish","type":"post","link":"https:\/\/linitiative.ca\/International\/session-de-formation-sur-les-bases-des-premiers-secours\/","title":{"rendered":"Session de formation sur les bases des premiers secours"},"content":{"rendered":"<div class=\"single-featured\"><img alt=\"\" data-src=\"http:\/\/www.mapmarrakech.ma\/map\/uploads\/2020\/08\/formation-chichaoua-copier.jpg\"\/><\/div>\n<div class=\"single-post-excerpt post-excerpt-bc\" readability=\"35\">\n<p>Chichaoua \u2013 Le Bureau provincial du Croissant rouge marocain (CRM) \u00e0 Chichaoua a organis\u00e9 les 22 et 23 ao\u00fbt courant, une session de formation sur les bases des premiers secours au profit de 14 jeunes issus de cette province du Royaume.<\/p>\n<\/div>\n<div class=\"entry-content clearfix single-post-content\" readability=\"59\">\n<p>Cette formation encadr\u00e9e par des volontaires du bureau \u00e0 Chichaoua, vise l\u2019acquisition des connaissances n\u00e9cessaires \u00e0 la bonne ex\u00e9cution des gestes de secours destin\u00e9s \u00e0 pr\u00e9server l\u2019int\u00e9grit\u00e9 physique d\u2019une victime en attendant l\u2019arriv\u00e9e des secours organis\u00e9s.<\/p>\n<p>Les participants ont b\u00e9n\u00e9fici\u00e9 de formation relative \u00e0 la pand\u00e9mie du Covid-19, en plus d\u2019une initiation aux comportements corrects \u00e0 adopter lors de risques et d\u2019accidents.<\/p>\n<p>Dans une d\u00e9claration \u00e0 la MAP, le pr\u00e9sident du bureau provincial du CRM \u00e0 Chichaoua, Mohamed Mohcine El Hassani, a soulign\u00e9 que cette session de formation vise \u00e0 augmenter le nombre de volontaires, qui peuvent contribuer et participer aux campagnes de sensibilisation au niveau de la province.<\/p>\n<p>M.Hassani a mis en relief les efforts des encadrants de cette formation afin qu\u2019elle atteigne ses objectifs, relevant que cette session a \u00e9t\u00e9 favorablement accueillie par les b\u00e9n\u00e9ficiaires, qui peuvent participer aux campagnes de sensibilisation organis\u00e9es par le CRM.<\/p>\n<p>Cette session de formation de deux jours, qui s\u2019est d\u00e9roul\u00e9e dans le respect strict des mesures pr\u00e9ventives d\u00e9cr\u00e9t\u00e9es par les autorit\u00e9s comp\u00e9tentes, s\u2019est cl\u00f4tur\u00e9e par la remise de certificats de m\u00e9rite aux participants et participantes.<\/p>\n<\/div>\n<p>Auteur: Meriem IGASS<br \/>\n<a href=\"http:\/\/www.mapmarrakech.ma\/fr\/session-de-formation-sur-les-bases-des-premiers-secours\/\">Cliquez ici pour lire l&rsquo;article depuis sa source.<\/a><\/p>\n","protected":false},"excerpt":{"rendered":"<p>Chichaoua \u2013 Le Bureau provincial du Croissant rouge marocain (CRM) \u00e0 Chichaoua a organis\u00e9 les 22 et 23 ao\u00fbt courant, une session de formation sur les bases des premiers secours au profit de 14 jeunes issus de cette province du Royaume. Cette formation encadr\u00e9e par des volontaires du bureau \u00e0 Chichaoua, vise l\u2019acquisition des connaissances [&hellip;]<\/p>\n","protected":false},"author":1788,"featured_media":96909,"comment_status":"closed","ping_status":"closed","sticky":false,"template":"","format":"standard","meta":{"fifu_image_url":"","fifu_image_alt":"","footnotes":""},"categories":[54,76],"tags":[],"class_list":["post-96908","post","type-post","status-publish","format-standard","has-post-thumbnail","hentry","category-maroc","category-regions"],"_links":{"self":[{"href":"https:\/\/linitiative.ca\/International\/wp-json\/wp\/v2\/posts\/96908","targetHints":{"allow":["GET"]}}],"collection":[{"href":"https:\/\/linitiative.ca\/International\/wp-json\/wp\/v2\/posts"}],"about":[{"href":"https:\/\/linitiative.ca\/International\/wp-json\/wp\/v2\/types\/post"}],"author":[{"embeddable":true,"href":"https:\/\/linitiative.ca\/International\/wp-json\/wp\/v2\/users\/1788"}],"replies":[{"embeddable":true,"href":"https:\/\/linitiative.ca\/International\/wp-json\/wp\/v2\/comments?post=96908"}],"version-history":[{"count":0,"href":"https:\/\/linitiative.ca\/International\/wp-json\/wp\/v2\/posts\/96908\/revisions"}],"wp:featuredmedia":[{"embeddable":true,"href":"https:\/\/linitiative.ca\/International\/wp-json\/"}],"wp:attachment":[{"href":"https:\/\/linitiative.ca\/International\/wp-json\/wp\/v2\/media?parent=96908"}],"wp:term":[{"taxonomy":"category","embeddable":true,"href":"https:\/\/linitiative.ca\/International\/wp-json\/wp\/v2\/categories?post=96908"},{"taxonomy":"post_tag","embeddable":true,"href":"https:\/\/linitiative.ca\/International\/wp-json\/wp\/v2\/tags?post=96908"}],"curies":[{"name":"wp","href":"https:\/\/api.w.org\/{rel}","templated":true}]}}