{"id":96910,"date":"2020-08-25T17:54:40","date_gmt":"2020-08-25T21:54:40","guid":{"rendered":"https:\/\/linitiative.ca\/International\/laref-mobilisee-pour-la-reussite-de-la-rentree-scolaire-2020-2021\/"},"modified":"2020-08-25T17:54:40","modified_gmt":"2020-08-25T21:54:40","slug":"laref-mobilisee-pour-la-reussite-de-la-rentree-scolaire-2020-2021","status":"publish","type":"post","link":"https:\/\/linitiative.ca\/International\/laref-mobilisee-pour-la-reussite-de-la-rentree-scolaire-2020-2021\/","title":{"rendered":"L\u2019AREF mobilis\u00e9e pour la r\u00e9ussite de la rentr\u00e9e scolaire 2020-2021"},"content":{"rendered":"<div class=\"single-featured\"><img alt=\"\" data-src=\"http:\/\/www.mapmarrakech.ma\/map\/uploads\/2020\/04\/academie-Marrakech-safi-copier.jpg\"\/><\/div>\n<div class=\"single-post-excerpt post-excerpt-bc\" readability=\"38\">\n<p>Marrakech \u2013 L\u2019Acad\u00e9mie r\u00e9gionale de l\u2019\u00e9ducation et de la formation (AREF) de Marrakech-Safi est mobilis\u00e9e pour r\u00e9unir toutes les conditions n\u00e9cessaires \u00e0 la r\u00e9ussite de la rentr\u00e9e scolaire 2020-2021, notamment en mettant en \u0153uvre un protocole sanitaire strict en raison de la pand\u00e9mie de Covid-19, a soulign\u00e9 lundi soir son directeur, Moulay Ahmed Karimi.<\/p>\n<\/div>\n<div class=\"entry-content clearfix single-post-content\" readability=\"63\">\n<p>Ce protocole comprend l\u2019obligation du port du masque de protection, le lavage et la d\u00e9sinfection r\u00e9guliers des mains, ainsi que le respect de la distanciation physique par la r\u00e9duction du nombre d\u2019\u00e9l\u00e8ves dans les \u00e9tablissements scolaires et la st\u00e9rilisation continue des diff\u00e9rents \u00e9tablissements d\u2019enseignement, afin de pr\u00e9server la sant\u00e9 des \u00e9l\u00e8ves et des cadres p\u00e9dagogiques et administratifs, a expliqu\u00e9 M. Karimi lors d\u2019une r\u00e9union virtuelle consacr\u00e9e \u00e0 l\u2019examen des sc\u00e9narios pr\u00e9vus pour la nouvelle rentr\u00e9e 2020-2021.<\/p>\n<p>Dans ce sens, M. Karimi a appel\u00e9 les directeurs provinciaux du minist\u00e8re de l\u2019\u00c9ducation nationale \u00e0 veiller au respect des mesures pr\u00e9vues dans ce protocole et \u00e0 \u00e9laborer des plans provinciaux et au niveau de chaque \u00e9tablissement d\u2019enseignement.<\/p>\n<p>Au cours de cette rencontre, les participants ont examin\u00e9 les formules p\u00e9dagogiques \u00e9ventuelles bas\u00e9es sur les mod\u00e8les pr\u00e9sent\u00e9es par le ministre de l\u2019\u00c9ducation nationale, M. Said Amzazi, dans le cadre d\u2019un plan int\u00e9gr\u00e9 de gestion de la prochaine rentr\u00e9e scolaire, et du report \u00e0 une date ult\u00e9rieure de l\u2019examen r\u00e9gional unifi\u00e9 de la premi\u00e8re ann\u00e9e du Baccalaur\u00e9at, en tenant compte de l\u2019\u00e9volution de la situation \u00e9pid\u00e9miologique et dans le souci de pr\u00e9server la sant\u00e9 des \u00e9l\u00e8ves et des cadres p\u00e9dagogiques.<\/p>\n<p>Cette r\u00e9union, qui a connu la participation des huit directeurs provinciaux du minist\u00e8re de l\u2019Education nationale, s\u2019inscrit dans le cadre de la gestion de la rentr\u00e9e scolaire 2020-2021, qui d\u00e9butera le 7 septembre prochain, et d\u2019un examen des moyens \u00e0 m\u00eame de faire appliquer les mesures prises contre la pand\u00e9mie de Covid-19.<\/p>\n<\/div>\n<p>Auteur: Meriem IGASS<br \/>\n<a href=\"http:\/\/www.mapmarrakech.ma\/fr\/laref-mobilisee-pour-la-reussite-de-la-rentree-scolaire-2020-2021\/\">Cliquez ici pour lire l&rsquo;article depuis sa source.<\/a><\/p>\n","protected":false},"excerpt":{"rendered":"<p>Marrakech \u2013 L\u2019Acad\u00e9mie r\u00e9gionale de l\u2019\u00e9ducation et de la formation (AREF) de Marrakech-Safi est mobilis\u00e9e pour r\u00e9unir toutes les conditions n\u00e9cessaires \u00e0 la r\u00e9ussite de la rentr\u00e9e scolaire 2020-2021, notamment en mettant en \u0153uvre un protocole sanitaire strict en raison de la pand\u00e9mie de Covid-19, a soulign\u00e9 lundi soir son directeur, Moulay Ahmed Karimi. Ce [&hellip;]<\/p>\n","protected":false},"author":1788,"featured_media":96911,"comment_status":"closed","ping_status":"closed","sticky":false,"template":"","format":"standard","meta":{"fifu_image_url":"","fifu_image_alt":"","footnotes":""},"categories":[54,76],"tags":[],"class_list":["post-96910","post","type-post","status-publish","format-standard","has-post-thumbnail","hentry","category-maroc","category-regions"],"_links":{"self":[{"href":"https:\/\/linitiative.ca\/International\/wp-json\/wp\/v2\/posts\/96910","targetHints":{"allow":["GET"]}}],"collection":[{"href":"https:\/\/linitiative.ca\/International\/wp-json\/wp\/v2\/posts"}],"about":[{"href":"https:\/\/linitiative.ca\/International\/wp-json\/wp\/v2\/types\/post"}],"author":[{"embeddable":true,"href":"https:\/\/linitiative.ca\/International\/wp-json\/wp\/v2\/users\/1788"}],"replies":[{"embeddable":true,"href":"https:\/\/linitiative.ca\/International\/wp-json\/wp\/v2\/comments?post=96910"}],"version-history":[{"count":0,"href":"https:\/\/linitiative.ca\/International\/wp-json\/wp\/v2\/posts\/96910\/revisions"}],"wp:featuredmedia":[{"embeddable":true,"href":"https:\/\/linitiative.ca\/International\/wp-json\/"}],"wp:attachment":[{"href":"https:\/\/linitiative.ca\/International\/wp-json\/wp\/v2\/media?parent=96910"}],"wp:term":[{"taxonomy":"category","embeddable":true,"href":"https:\/\/linitiative.ca\/International\/wp-json\/wp\/v2\/categories?post=96910"},{"taxonomy":"post_tag","embeddable":true,"href":"https:\/\/linitiative.ca\/International\/wp-json\/wp\/v2\/tags?post=96910"}],"curies":[{"name":"wp","href":"https:\/\/api.w.org\/{rel}","templated":true}]}}