{"id":96973,"date":"2020-08-26T06:00:00","date_gmt":"2020-08-26T10:00:00","guid":{"rendered":"https:\/\/linitiative.ca\/International\/fin-du-conge-special-pour-les-femmes\/"},"modified":"2020-08-26T06:00:00","modified_gmt":"2020-08-26T10:00:00","slug":"fin-du-conge-special-pour-les-femmes","status":"publish","type":"post","link":"https:\/\/linitiative.ca\/International\/fin-du-conge-special-pour-les-femmes\/","title":{"rendered":"Fin du cong\u00e9 sp\u00e9cial pour les femmes"},"content":{"rendered":"<p>Le cong\u00e9 sp\u00e9cial accord\u00e9 depuis juin dernier par le Premier ministre, Abdelaziz Djerad, aux femmes ayant des enfants en bas \u00e2ge a pris fin ce d\u00e9but de semaine. Toutes les administrations ont \u00e9t\u00e9 destinataires d\u2019une note signifiant cette d\u00e9cision et invitant l\u2019ensemble des travailleuses \u00e0 rejoindre leurs postes et ce, depuis, d\u00e9j\u00e0, le dimanche 22 ao\u00fbt.<\/p>\n<p>Auteur:<br \/>\n<a href=\"https:\/\/www.lesoirdalgerie.com\/periscoop\/fin-du-conge-special-pour-les-femmes-47179\">Cliquez ici pour lire l&rsquo;article depuis sa source.<\/a><\/p>\n","protected":false},"excerpt":{"rendered":"<p>Le cong\u00e9 sp\u00e9cial accord\u00e9 depuis juin dernier par le Premier ministre, Abdelaziz Djerad, aux femmes ayant des enfants en bas \u00e2ge a pris fin ce d\u00e9but de semaine. Toutes les administrations ont \u00e9t\u00e9 destinataires d\u2019une note signifiant cette d\u00e9cision et invitant l\u2019ensemble des travailleuses \u00e0 rejoindre leurs postes et ce, depuis, d\u00e9j\u00e0, le dimanche 22 [&hellip;]<\/p>\n","protected":false},"author":1741,"featured_media":0,"comment_status":"closed","ping_status":"closed","sticky":false,"template":"","format":"standard","meta":{"fifu_image_url":"","fifu_image_alt":"","footnotes":""},"categories":[73,53],"tags":[],"class_list":["post-96973","post","type-post","status-publish","format-standard","hentry","category-actualite","category-algerie"],"_links":{"self":[{"href":"https:\/\/linitiative.ca\/International\/wp-json\/wp\/v2\/posts\/96973","targetHints":{"allow":["GET"]}}],"collection":[{"href":"https:\/\/linitiative.ca\/International\/wp-json\/wp\/v2\/posts"}],"about":[{"href":"https:\/\/linitiative.ca\/International\/wp-json\/wp\/v2\/types\/post"}],"author":[{"embeddable":true,"href":"https:\/\/linitiative.ca\/International\/wp-json\/wp\/v2\/users\/1741"}],"replies":[{"embeddable":true,"href":"https:\/\/linitiative.ca\/International\/wp-json\/wp\/v2\/comments?post=96973"}],"version-history":[{"count":0,"href":"https:\/\/linitiative.ca\/International\/wp-json\/wp\/v2\/posts\/96973\/revisions"}],"wp:attachment":[{"href":"https:\/\/linitiative.ca\/International\/wp-json\/wp\/v2\/media?parent=96973"}],"wp:term":[{"taxonomy":"category","embeddable":true,"href":"https:\/\/linitiative.ca\/International\/wp-json\/wp\/v2\/categories?post=96973"},{"taxonomy":"post_tag","embeddable":true,"href":"https:\/\/linitiative.ca\/International\/wp-json\/wp\/v2\/tags?post=96973"}],"curies":[{"name":"wp","href":"https:\/\/api.w.org\/{rel}","templated":true}]}}