{"id":96974,"date":"2020-08-26T06:00:00","date_gmt":"2020-08-26T10:00:00","guid":{"rendered":"https:\/\/linitiative.ca\/International\/que-vaut-le-club-des-pins-aujourdhui\/"},"modified":"2020-08-26T06:00:00","modified_gmt":"2020-08-26T10:00:00","slug":"que-vaut-le-club-des-pins-aujourdhui","status":"publish","type":"post","link":"https:\/\/linitiative.ca\/International\/que-vaut-le-club-des-pins-aujourdhui\/","title":{"rendered":"Que vaut le Club-des-Pins aujourd\u2019hui ?"},"content":{"rendered":"<p class=\"c4\">Comment oublier qu\u2019il avait \u00e9t\u00e9 ferm\u00e9 au public au tout d\u00e9but des ann\u00e9es 90 ? On avait, alors, jug\u00e9 tellement urgent de mettre \u00e0 l\u2019abri ministres, d\u00e9put\u00e9s, s\u00e9nateurs et autres personnalit\u00e9s dont on estimait la vie plus pr\u00e9cieuse que celle d\u2019une majorit\u00e9, livr\u00e9e aux assauts de terroristes investis dans les massacres \u00e0 grande \u00e9chelle.<br \/>Maintenant que l\u2019on a d\u00e9cid\u00e9 d\u2019en rouvrir les portes au public, ceux qui n\u2019ont pas forc\u00e9ment envie de se ruer sur les lieux devenus mythiques par la force des comportements qui leur ont \u00e9t\u00e9 r\u00e9serv\u00e9s, se demandent quand m\u00eame ce qu\u2019il reste du Club-des-Pins d\u2019antan. Un site \u00e0 la fois sobre, chic et populaire et, surtout, \u00e0 la port\u00e9e de qui voulait s\u2019y rendre soit pour y piquer une t\u00eate, soit pour y d\u00e9jeuner ou d\u00eener entre amis ou en famille, soit pour y faire une simple balade en bord de mer !\u00a0 Ils auront subi un apartheid que l\u2019on aurait envie de d\u00e9crire autrement mais qui, pourtant, n\u2019en \u00e9tait pas moins un. Durant pr\u00e8s de 30 ans, les Alg\u00e9riens ont \u00e9t\u00e9 priv\u00e9s d\u2019y p\u00e9n\u00e9trer. Peu \u00e0 peu, les lieux, privatis\u00e9s, ont \u00e9t\u00e9 interdits \u00e0 ceux qui, selon un pouvoir qui avait d\u00e9cid\u00e9 de le r\u00e9server \u00e0 ses prot\u00e9g\u00e9s, n\u2019avaient rien \u00e0 y faire. Pendant des ann\u00e9es, pour ne pas dire depuis l\u2019ind\u00e9pendance, on a racont\u00e9 \u00e0 tous les Alg\u00e9riens, ceux d\u2019en haut et ceux d\u2019en bas, que l\u2019on travaillait pour eux. Pour leur permettre de jouir, enfin, d\u2019une ind\u00e9pendance m\u00e9rit\u00e9e.<br \/>Arrach\u00e9e \u00e0 coups de lourds sacrifices humains. En r\u00e9alit\u00e9, on a travaill\u00e9 pour ceux d\u2019en haut bien plus que pour ceux d\u2019en bas. M\u00eame si on ne peut pas dire que ceux d\u2019en bas aient \u00e9t\u00e9 totalement abandonn\u00e9s, il n\u2019en demeure pas moins que les mises \u00e0 l\u2019\u00e9cart ont augment\u00e9 au fur et \u00e0 mesure que les mentalit\u00e9s ont mu\u00e9, que les engagements ont abandonn\u00e9 les int\u00e9r\u00eats collectifs pour les individuels. Au fur et \u00e0 mesure que se sont impos\u00e9s les rapaces impossibles \u00e0 d\u00e9nombrer, au regard de l\u2019allure \u00e0 laquelle ils se sont multipli\u00e9s. Au fil des ans, les Alg\u00e9riens, mis \u00e0 l\u2019\u00e9cart, ont eu le temps de se construire un roman, autour d\u2019une r\u00e9sidence, d\u2019o\u00f9 transpiraient des anecdotes peu glorieuses. Il en faudra du temps pour restituer, au lieu, son ancien cachet. \u00a0<br \/><em><strong>M. B.<\/strong><\/em><\/p>\n<p>Auteur:<br \/>\n<a href=\"https:\/\/www.lesoirdalgerie.com\/soit-dit-en-passant\/que-vaut-le-club-des-pins-aujourdhui-47178\">Cliquez ici pour lire l&rsquo;article depuis sa source.<\/a><\/p>\n","protected":false},"excerpt":{"rendered":"<p>Comment oublier qu\u2019il avait \u00e9t\u00e9 ferm\u00e9 au public au tout d\u00e9but des ann\u00e9es 90 ? On avait, alors, jug\u00e9 tellement urgent de mettre \u00e0 l\u2019abri ministres, d\u00e9put\u00e9s, s\u00e9nateurs et autres personnalit\u00e9s dont on estimait la vie plus pr\u00e9cieuse que celle d\u2019une majorit\u00e9, livr\u00e9e aux assauts de terroristes investis dans les massacres \u00e0 grande \u00e9chelle.Maintenant que [&hellip;]<\/p>\n","protected":false},"author":1741,"featured_media":0,"comment_status":"closed","ping_status":"closed","sticky":false,"template":"","format":"standard","meta":{"fifu_image_url":"","fifu_image_alt":"","footnotes":""},"categories":[73,53],"tags":[],"class_list":["post-96974","post","type-post","status-publish","format-standard","hentry","category-actualite","category-algerie"],"_links":{"self":[{"href":"https:\/\/linitiative.ca\/International\/wp-json\/wp\/v2\/posts\/96974","targetHints":{"allow":["GET"]}}],"collection":[{"href":"https:\/\/linitiative.ca\/International\/wp-json\/wp\/v2\/posts"}],"about":[{"href":"https:\/\/linitiative.ca\/International\/wp-json\/wp\/v2\/types\/post"}],"author":[{"embeddable":true,"href":"https:\/\/linitiative.ca\/International\/wp-json\/wp\/v2\/users\/1741"}],"replies":[{"embeddable":true,"href":"https:\/\/linitiative.ca\/International\/wp-json\/wp\/v2\/comments?post=96974"}],"version-history":[{"count":0,"href":"https:\/\/linitiative.ca\/International\/wp-json\/wp\/v2\/posts\/96974\/revisions"}],"wp:attachment":[{"href":"https:\/\/linitiative.ca\/International\/wp-json\/wp\/v2\/media?parent=96974"}],"wp:term":[{"taxonomy":"category","embeddable":true,"href":"https:\/\/linitiative.ca\/International\/wp-json\/wp\/v2\/categories?post=96974"},{"taxonomy":"post_tag","embeddable":true,"href":"https:\/\/linitiative.ca\/International\/wp-json\/wp\/v2\/tags?post=96974"}],"curies":[{"name":"wp","href":"https:\/\/api.w.org\/{rel}","templated":true}]}}