{"id":96975,"date":"2020-08-26T06:00:00","date_gmt":"2020-08-26T10:00:00","guid":{"rendered":"https:\/\/linitiative.ca\/International\/pour-une-poignee-de-dinars\/"},"modified":"2020-08-26T06:00:00","modified_gmt":"2020-08-26T10:00:00","slug":"pour-une-poignee-de-dinars","status":"publish","type":"post","link":"https:\/\/linitiative.ca\/International\/pour-une-poignee-de-dinars\/","title":{"rendered":"Pour une poign\u00e9e de dinars"},"content":{"rendered":"<p><h5 class=\"title-populaires\">Les + <span>populaires<\/span> de la semaine<\/h5>\n<\/p>\n<div class=\"second-article article-paragraph\" readability=\"12.970414201183\"><a href=\"\/actualites\/lultimatum-de-tebboune-47123\"\/><\/p>\n<div class=\"image\"><img class=\"lazy\" data-original=\"\/data\/images\/article\/thumbs\/ls-lultimatum-de-tebboune-2d9d8.jpg\"\/><\/p>\n<p><span>2<\/span><\/p>\n<\/div>\n<p class=\"type-date\"><span>Actualit\u00e9s<\/span> 11:00 | 24-08-2020<\/p>\n<h5 class=\"first-title\"><a href=\"\/actualites\/lultimatum-de-tebboune-47123\">COUPURES D\u2019EAU ET PANNES D\u2019INTERNET<\/a><\/h5>\n<h5 class=\"title\"><a href=\"\/actualites\/lultimatum-de-tebboune-47123\">L\u2019ultimatum de Tebboune<\/a><\/h5>\n<p><a href=\"\/actualites\/lultimatum-de-tebboune-47123\"\/><\/p>\n<p class=\"text\">Le Pr\u00e9sident Tebboune semble \u00eatre particuli\u00e8rement agac\u00e9 par cette multiplication, anormalement acc\u00e9l\u00e9r\u00e9e depuis quelques semaines, de probl\u00e8mes, de d\u00e9faillances qui empoisonnent la vie du citoyen et, in fine, porte un sacr\u00e9 coup<\/p>\n<\/div>\n<div class=\"others-articles\">\n<div class=\"article\" readability=\"7.5\"><a href=\"\/billet-pas-doux\/defendre-ammar-belhimer-cest-defendre-la-competence-professionnelle-et-lintegrite-morale-47001\"\/><\/p>\n<div class=\"image\"><img class=\"lazy\" data-original=\"\/themes\/frontend\/img\/news\/others-defaut.gif\"\/><\/p>\n<p><span>3<\/span><\/p>\n<\/div>\n<div class=\"description\" readability=\"10\">\n<p class=\"type-date\"><span>BILLET (PAS) DOUX<\/span> 11:00 | 22-08-2020<\/p>\n<p><a href=\"\/billet-pas-doux\/defendre-ammar-belhimer-cest-defendre-la-competence-professionnelle-et-lintegrite-morale-47001\"\/><\/p>\n<p><a href=\"\/billet-pas-doux\/defendre-ammar-belhimer-cest-defendre-la-competence-professionnelle-et-lintegrite-morale-47001\"\/><\/p>\n<p class=\"title\">D\u00e9fendre Ammar Belhimer, c&rsquo;est d\u00e9fendre la comp\u00e9tence professionnelle et l&rsquo;int\u00e9grit\u00e9 morale !<\/p>\n<\/div>\n<\/div>\n<div class=\"article\" readability=\"8.5\"><a href=\"\/actualites\/jugement-de-bouteflika-detenus-dopinion-47069\"\/><\/p>\n<div class=\"image\"><img class=\"lazy\" data-original=\"\/data\/images\/article\/thumbs\/jugement-de-bouteflika-detenus-dopinion-abc75.jpg\"\/><\/p>\n<p><span>4<\/span><\/p>\n<\/div>\n<div class=\"description\" readability=\"12\">\n<p class=\"type-date\"><span>Actualit\u00e9s<\/span> 11:00 | 26-08-2020<\/p>\n<p><a href=\"\/actualites\/jugement-de-bouteflika-detenus-dopinion-47069\"\/><\/p>\n<p class=\"first-title\">Le B\u00e2tonnier Sellini \u00e0 LSA-Direct<\/p>\n<p><a href=\"\/actualites\/jugement-de-bouteflika-detenus-dopinion-47069\"\/><\/p>\n<p class=\"title\">Jugement de Bouteflika, d\u00e9tenus d&rsquo;opinion&#8230;<\/p>\n<\/div>\n<\/div>\n<div class=\"article\" readability=\"8\"><a href=\"\/actualites\/je-suis-contre-le-jugement-de-bouteflika-47121\"\/><\/p>\n<div class=\"image\"><img class=\"lazy\" data-original=\"\/data\/images\/article\/thumbs\/je-suis-contre-le-jugement-de-bouteflika-2429b.jpg\"\/><\/p>\n<p><span>5<\/span><\/p>\n<\/div>\n<div class=\"description\" readability=\"11\">\n<p class=\"type-date\"><span>Actualit\u00e9s<\/span> 11:00 | 24-08-2020<\/p>\n<p><a href=\"\/actualites\/je-suis-contre-le-jugement-de-bouteflika-47121\"\/><\/p>\n<p class=\"first-title\">Me ABDELMADJID SELLINI \u00c0 LSA DIRECT :<\/p>\n<p><a href=\"\/actualites\/je-suis-contre-le-jugement-de-bouteflika-47121\"\/><\/p>\n<p class=\"title\">\u00abJe suis contre le jugement de Bouteflika\u00bb<\/p>\n<\/div>\n<\/div>\n<\/div>\n<p>Auteur:<br \/>\n<a href=\"https:\/\/www.lesoirdalgerie.com\/digoutage\/pour-une-poignee-de-dinars-47177\">Cliquez ici pour lire l&rsquo;article depuis sa source.<\/a><\/p>\n","protected":false},"excerpt":{"rendered":"<p>Les + populaires de la semaine 2 Actualit\u00e9s 11:00 | 24-08-2020 COUPURES D\u2019EAU ET PANNES D\u2019INTERNET L\u2019ultimatum de Tebboune Le Pr\u00e9sident Tebboune semble \u00eatre particuli\u00e8rement agac\u00e9 par cette multiplication, anormalement acc\u00e9l\u00e9r\u00e9e depuis quelques semaines, de probl\u00e8mes, de d\u00e9faillances qui empoisonnent la vie du citoyen et, in fine, porte un sacr\u00e9 coup 3 BILLET (PAS) DOUX [&hellip;]<\/p>\n","protected":false},"author":1741,"featured_media":0,"comment_status":"closed","ping_status":"closed","sticky":false,"template":"","format":"standard","meta":{"fifu_image_url":"","fifu_image_alt":"","footnotes":""},"categories":[73,53],"tags":[],"class_list":["post-96975","post","type-post","status-publish","format-standard","hentry","category-actualite","category-algerie"],"_links":{"self":[{"href":"https:\/\/linitiative.ca\/International\/wp-json\/wp\/v2\/posts\/96975","targetHints":{"allow":["GET"]}}],"collection":[{"href":"https:\/\/linitiative.ca\/International\/wp-json\/wp\/v2\/posts"}],"about":[{"href":"https:\/\/linitiative.ca\/International\/wp-json\/wp\/v2\/types\/post"}],"author":[{"embeddable":true,"href":"https:\/\/linitiative.ca\/International\/wp-json\/wp\/v2\/users\/1741"}],"replies":[{"embeddable":true,"href":"https:\/\/linitiative.ca\/International\/wp-json\/wp\/v2\/comments?post=96975"}],"version-history":[{"count":0,"href":"https:\/\/linitiative.ca\/International\/wp-json\/wp\/v2\/posts\/96975\/revisions"}],"wp:attachment":[{"href":"https:\/\/linitiative.ca\/International\/wp-json\/wp\/v2\/media?parent=96975"}],"wp:term":[{"taxonomy":"category","embeddable":true,"href":"https:\/\/linitiative.ca\/International\/wp-json\/wp\/v2\/categories?post=96975"},{"taxonomy":"post_tag","embeddable":true,"href":"https:\/\/linitiative.ca\/International\/wp-json\/wp\/v2\/tags?post=96975"}],"curies":[{"name":"wp","href":"https:\/\/api.w.org\/{rel}","templated":true}]}}