{"id":97032,"date":"2020-08-27T13:03:21","date_gmt":"2020-08-27T17:03:21","guid":{"rendered":"https:\/\/linitiative.ca\/International\/la-ministre-de-la-culture-met-fin-aux-fonctions-du-charge-de-gestion-de-loref\/"},"modified":"2020-08-27T13:03:21","modified_gmt":"2020-08-27T17:03:21","slug":"la-ministre-de-la-culture-met-fin-aux-fonctions-du-charge-de-gestion-de-loref","status":"publish","type":"post","link":"https:\/\/linitiative.ca\/International\/la-ministre-de-la-culture-met-fin-aux-fonctions-du-charge-de-gestion-de-loref\/","title":{"rendered":"La ministre de la Culture met fin aux fonctions du charg\u00e9 de gestion de l&rsquo;OREF"},"content":{"rendered":"<p><span class=\"sp-nh-title\">Oran: une rencontre sur l\u2019\u00e9dition en langue tamazighte<\/span> &#8211; <span class=\"sp-nh-date\">jeudi 27 ao\u00fbt 2020 17:48<\/span><\/p>\n<p><span class=\"sp-nh-title\">Le RND favorable \u00e0 tout document constitutionnel consensuel<\/span> &#8211; <span class=\"sp-nh-date\">jeudi 27 ao\u00fbt 2020 17:47<\/span><\/p>\n<p><span class=\"sp-nh-title\">Ligue 1: le CS Constantine signe la convention tripartite<\/span> &#8211; <span class=\"sp-nh-date\">jeudi 27 ao\u00fbt 2020 17:30<\/span><\/p>\n<p><span class=\"sp-nh-title\">Covid-19: 397 nouveaux cas, 271 gu\u00e9risons et 10 d\u00e9c\u00e8s<\/span> &#8211; <span class=\"sp-nh-date\">jeudi 27 ao\u00fbt 2020 17:11<\/span><\/p>\n<p><span class=\"sp-nh-title\">Une rencontre sur les alternatives aux carburants polluants lundi \u00e0 Alger<\/span> &#8211; <span class=\"sp-nh-date\">jeudi 27 ao\u00fbt 2020 16:46<\/span><\/p>\n<p><span class=\"sp-nh-title\">L\u2019ANP vise \u00e0 donner \u00e0 la Marine alg\u00e9rienne la place qu\u2019elle m\u00e9rite<\/span> &#8211; <span class=\"sp-nh-date\">jeudi 27 ao\u00fbt 2020 16:36<\/span><\/p>\n<p><span class=\"sp-nh-title\">Grave accident au niveau de l&rsquo;axe autoroutier Khemis Khechna-Alger<\/span> &#8211; <span class=\"sp-nh-date\">jeudi 27 ao\u00fbt 2020 16:33<\/span><\/p>\n<p><span class=\"sp-nh-title\">Universit\u00e9: un arr\u00eat\u00e9 fixant les mesures relatives \u00e0 l\u2019organisation p\u00e9dagogique<\/span> &#8211; <span class=\"sp-nh-date\">jeudi 27 ao\u00fbt 2020 16:06<\/span><\/p>\n<p><span class=\"sp-nh-title\">Agriculture-Sud: un projet de d\u00e9cret portant cr\u00e9ation d\u2019un Office de d\u00e9veloppement endoss\u00e9<\/span> &#8211; <span class=\"sp-nh-date\">jeudi 27 ao\u00fbt 2020 15:57<\/span><\/p>\n<p><span class=\"sp-nh-title\">Mali: Keita lib\u00e9r\u00e9 par les militaires mutins<\/span> &#8211; <span class=\"sp-nh-date\">jeudi 27 ao\u00fbt 2020 15:42<\/span><\/p>\n<p><span class=\"sp-nh-title\">Accidents de la circulation: 7 morts et 195 bless\u00e9s en 24 heures<\/span> &#8211; <span class=\"sp-nh-date\">jeudi 27 ao\u00fbt 2020 15:06<\/span><\/p>\n<p><span class=\"sp-nh-title\">Un projet de d\u00e9cret ex\u00e9cutif pour maintenir la bonification du taux d&rsquo;int\u00e9r\u00eat<\/span> &#8211; <span class=\"sp-nh-date\">jeudi 27 ao\u00fbt 2020 14:02<\/span><\/p>\n<p><span class=\"sp-nh-title\">F\u00eate de l&rsquo;Achoura: AT assurera un service de permanence de 09h00 \u00e0 13h00<\/span> &#8211; <span class=\"sp-nh-date\">jeudi 27 ao\u00fbt 2020 13:52<\/span><\/p>\n<p><span class=\"sp-nh-title\">La cr\u00e9ation d\u2019une commission gouvernementale r\u00e9pond \u00e0 une demande de l&rsquo;ANIE<\/span> &#8211; <span class=\"sp-nh-date\">jeudi 27 ao\u00fbt 2020 13:23<\/span><\/p>\n<p><span class=\"sp-nh-title\">Alg\u00e9rie: envoi de 100 tonnes d&rsquo;aides humanitaires au Niger<\/span> &#8211; <span class=\"sp-nh-date\">jeudi 27 ao\u00fbt 2020 12:41<\/span><\/p>\n<p><span class=\"sp-nh-title\">Oum El Bouaghi : la culture du e-commerce dop\u00e9e par la crise li\u00e9e au Coronavirus<\/span> &#8211; <span class=\"sp-nh-date\">jeudi 27 ao\u00fbt 2020 12:40<\/span><\/p>\n<p><span class=\"sp-nh-title\">Conseil de la nation: la session ordinaire 2020-2021 mercredi<\/span> &#8211; <span class=\"sp-nh-date\">jeudi 27 ao\u00fbt 2020 12:27<\/span><\/p>\n<p><span class=\"sp-nh-title\">Gouvernement: finances, agriculture, commerce et ressources en eau \u00e0 l&rsquo;ordre du jour<\/span> &#8211; <span class=\"sp-nh-date\">jeudi 27 ao\u00fbt 2020 12:20<\/span><\/p>\n<p><span class=\"sp-nh-title\">La C\u00e9d\u00e9ao demande une transition limit\u00e9e \u00e0 12 mois conduite par une personnalit\u00e9 civile<\/span> &#8211; <span class=\"sp-nh-date\">jeudi 27 ao\u00fbt 2020 11:16<\/span><\/p>\n<p><span class=\"sp-nh-title\">APN: ouverture mercredi de la session ordinaire 2020-2021<\/span> &#8211; <span class=\"sp-nh-date\">jeudi 27 ao\u00fbt 2020 11:03<\/span><\/p>\n<p>Auteur:<br \/>\n<a href=\"http:\/\/www.aps.dz\/culture\/109050-la-ministre-de-la-culture-met-fin-aux-fonctions-du-charge-de-gestion-de-l-oref\">Cliquez ici pour lire l&rsquo;article depuis sa source.<\/a><\/p>\n","protected":false},"excerpt":{"rendered":"<p>Oran: une rencontre sur l\u2019\u00e9dition en langue tamazighte &#8211; jeudi 27 ao\u00fbt 2020 17:48 Le RND favorable \u00e0 tout document constitutionnel consensuel &#8211; jeudi 27 ao\u00fbt 2020 17:47 Ligue 1: le CS Constantine signe la convention tripartite &#8211; jeudi 27 ao\u00fbt 2020 17:30 Covid-19: 397 nouveaux cas, 271 gu\u00e9risons et 10 d\u00e9c\u00e8s &#8211; jeudi 27 [&hellip;]<\/p>\n","protected":false},"author":1790,"featured_media":0,"comment_status":"closed","ping_status":"closed","sticky":false,"template":"","format":"standard","meta":{"fifu_image_url":"","fifu_image_alt":"","footnotes":""},"categories":[53,79],"tags":[],"class_list":["post-97032","post","type-post","status-publish","format-standard","hentry","category-algerie","category-culture"],"_links":{"self":[{"href":"https:\/\/linitiative.ca\/International\/wp-json\/wp\/v2\/posts\/97032","targetHints":{"allow":["GET"]}}],"collection":[{"href":"https:\/\/linitiative.ca\/International\/wp-json\/wp\/v2\/posts"}],"about":[{"href":"https:\/\/linitiative.ca\/International\/wp-json\/wp\/v2\/types\/post"}],"author":[{"embeddable":true,"href":"https:\/\/linitiative.ca\/International\/wp-json\/wp\/v2\/users\/1790"}],"replies":[{"embeddable":true,"href":"https:\/\/linitiative.ca\/International\/wp-json\/wp\/v2\/comments?post=97032"}],"version-history":[{"count":0,"href":"https:\/\/linitiative.ca\/International\/wp-json\/wp\/v2\/posts\/97032\/revisions"}],"wp:attachment":[{"href":"https:\/\/linitiative.ca\/International\/wp-json\/wp\/v2\/media?parent=97032"}],"wp:term":[{"taxonomy":"category","embeddable":true,"href":"https:\/\/linitiative.ca\/International\/wp-json\/wp\/v2\/categories?post=97032"},{"taxonomy":"post_tag","embeddable":true,"href":"https:\/\/linitiative.ca\/International\/wp-json\/wp\/v2\/tags?post=97032"}],"curies":[{"name":"wp","href":"https:\/\/api.w.org\/{rel}","templated":true}]}}