{"id":97033,"date":"2020-08-27T13:03:24","date_gmt":"2020-08-27T17:03:24","guid":{"rendered":"https:\/\/linitiative.ca\/International\/bendouda-les-sites-archeologiques-necessitent-detre-valoriser\/"},"modified":"2020-08-27T13:03:24","modified_gmt":"2020-08-27T17:03:24","slug":"bendouda-les-sites-archeologiques-necessitent-detre-valoriser","status":"publish","type":"post","link":"https:\/\/linitiative.ca\/International\/bendouda-les-sites-archeologiques-necessitent-detre-valoriser\/","title":{"rendered":"Bendouda: les sites arch\u00e9ologiques n\u00e9cessitent d\u2019\u00eatre valoriser"},"content":{"rendered":"<div readability=\"36\">\n<p><strong>ANNABA &#8211; La ministre de la Culture et des Arts, Malika Bendouda a indiqu\u00e9 mercredi \u00e0 Annaba que les sites arch\u00e9ologiques et les espaces culturels prot\u00e9g\u00e9s constituent \u00ab\u00a0un actif pr\u00e9cieux \u00e0 valoriser pour devenir des sites d\u2019attraction cr\u00e9ateurs de richesse et contribuant au d\u00e9veloppement de l\u2019\u00e9conomie alternative\u00a0\u00bb.<\/strong><\/p>\n<\/div>\n<div readability=\"77.190264078905\">\n<p>La cr\u00e9ation d\u2019activit\u00e9s revalorisantes en rapport direct avec la nature de ces sites et leurs dimensions civilisationnelles \u00ab\u00a0contribuera \u00e0 une redynamisation permettant de transformer ces sites en p\u00f4les d\u2019activit\u00e9s commerciales et de services cr\u00e9ateurs de richesses\u00a0\u00bb, a pr\u00e9cis\u00e9 la ministre dans une conf\u00e9rence de presse en marge d\u2019une visite de travail de deux jours dans cette wilaya.<\/p>\n<blockquote readability=\"9\">\n<p><em><strong>Dans ce contexte, Mme Bendouda a indiqu\u00e9 que les d\u00e9marches du minist\u00e8re de tutelle pour la classification du site arch\u00e9ologique de la ville romaine Hippone d\u2019Annaba parmi le patrimoine mondial permettront d\u2019injecter un dynamisme sans pr\u00e9c\u00e9dent dans le domaine d\u2019exploitation des sites arch\u00e9ologiques et la valorisation de leurs dimensions \u00e9conomiques qui demeurent exploitables par les micros entreprises et les start up.<\/strong><\/em><\/p>\n<\/blockquote>\n<p>Par ailleurs, la ministre qui a fait part de la strat\u00e9gie adopt\u00e9e par son secteur pour la relance de la vie culturelle, a affair\u00e9 que tout l\u2019accompagnement n\u00e9cessaire sera assur\u00e9 aux porteurs de projets et d\u2019initiatives.<\/p>\n<p>Dans ce sens, elle a rappel\u00e9 que le projet \u00ab\u00a0th\u00e9\u00e2tre de poche\u00a0\u00bb constitue pour les porteurs d\u2019initiatives provenant de la volont\u00e9 des jeunes talents une \u00ab\u00a0v\u00e9ritable opportunit\u00e9 pour les petits investissements permettant d\u2019exploiter les espaces vacants pour cr\u00e9er l\u2019ambiance culturelles \u00e0 travers les quartiers\u00a0\u00bb.<\/p>\n<hr\/>\n<h3>Lire aussi:\u00a0<a href=\"http:\/\/www.aps.dz\/culture\/109012-la-recuperation-du-masque-de-gorgone-valorise-le-secteur-de-la-culture\" target=\"_blank\" rel=\"noopener noreferrer\">La r\u00e9cup\u00e9ration du masque de Gorgone valorise le secteur de la culture<\/a><\/h3>\n<hr\/>\n<p>La ministre de la culture et des Arts s\u2019est rendue au cours du deuxi\u00e8me jour de sa visite \u00e0 Annaba au th\u00e9\u00e2tre romain du site arch\u00e9ologique Hippone o\u00f9 elle a insist\u00e9 sur l\u2019importance de son am\u00e9nagement \u00e0 travers des campagnes de nettoiement impliquant les Scouts musulmans alg\u00e9riens SMA et les associations \u00e0 caract\u00e8re culturel.<\/p>\n<p>Elle a \u00e9galement visit\u00e9 la mosqu\u00e9e Abi Marouane situ\u00e9 \u00e0 vieille ville d\u2019Annaba o\u00f9 elle a propos\u00e9 la pr\u00e9servation des manuscrits historiques existant dans ce monument religieux et culturel remontant \u00e0 plus de 4 si\u00e8cles, en usant des moyens technologiques de num\u00e9risation.<\/p>\n<p>La ministre de la culture et des Arts qui \u00e9tait accompagn\u00e9e du ministre d\u00e9l\u00e9gu\u00e9 charg\u00e9 de la R\u00e9forme hospitali\u00e8re aupr\u00e8s du minist\u00e8re de la sant\u00e9, Ismail Mesbah, avaient remis 25 passeports culturels au profit des staffs m\u00e9dicaux luttant contre la propagation du coronavirus \u00e0 Annaba.<\/p>\n<p>De sa part, le ministre d\u00e9l\u00e9gu\u00e9 charg\u00e9 de la R\u00e9forme hospitali\u00e8re a poursuivi le deuxi\u00e8me jour de sa visite \u00e0 Annaba la s\u00e9rie de rencontres entam\u00e9es avec les professionnels du secteur dans le cadre des consultations avec la base pour concevoir la cartographie de la r\u00e9forme hospitali\u00e8re.<\/p>\n<p>M. Mesbah qui a pr\u00e9sid\u00e9 mardi des rencontres avec les professionnels et repr\u00e9sentants des syndicats et associations de malades, s\u2019est r\u00e9uni mercredi avec les chefs des diff\u00e9rents services hospitaliers d\u2019Annaba et a \u00e9cout\u00e9 leurs pr\u00e9occupations en rapport avec leurs activit\u00e9s quotidiennes relatives \u00e0 l\u2019hospitalisation, la gestion des infrastructures et \u00e9quipements et les propositions pour rem\u00e9dier aux lacunes constat\u00e9es.<\/p>\n<\/div>\n<p>Auteur:<br \/>\n<a href=\"http:\/\/www.aps.dz\/culture\/109063-bendouda-les-sites-archeologiques-necessitent-d-etre-valoriser\">Cliquez ici pour lire l&rsquo;article depuis sa source.<\/a><\/p>\n","protected":false},"excerpt":{"rendered":"<p>ANNABA &#8211; La ministre de la Culture et des Arts, Malika Bendouda a indiqu\u00e9 mercredi \u00e0 Annaba que les sites arch\u00e9ologiques et les espaces culturels prot\u00e9g\u00e9s constituent \u00ab\u00a0un actif pr\u00e9cieux \u00e0 valoriser pour devenir des sites d\u2019attraction cr\u00e9ateurs de richesse et contribuant au d\u00e9veloppement de l\u2019\u00e9conomie alternative\u00a0\u00bb. La cr\u00e9ation d\u2019activit\u00e9s revalorisantes en rapport direct avec [&hellip;]<\/p>\n","protected":false},"author":1790,"featured_media":0,"comment_status":"closed","ping_status":"closed","sticky":false,"template":"","format":"standard","meta":{"fifu_image_url":"","fifu_image_alt":"","footnotes":""},"categories":[53,79],"tags":[],"class_list":["post-97033","post","type-post","status-publish","format-standard","hentry","category-algerie","category-culture"],"_links":{"self":[{"href":"https:\/\/linitiative.ca\/International\/wp-json\/wp\/v2\/posts\/97033","targetHints":{"allow":["GET"]}}],"collection":[{"href":"https:\/\/linitiative.ca\/International\/wp-json\/wp\/v2\/posts"}],"about":[{"href":"https:\/\/linitiative.ca\/International\/wp-json\/wp\/v2\/types\/post"}],"author":[{"embeddable":true,"href":"https:\/\/linitiative.ca\/International\/wp-json\/wp\/v2\/users\/1790"}],"replies":[{"embeddable":true,"href":"https:\/\/linitiative.ca\/International\/wp-json\/wp\/v2\/comments?post=97033"}],"version-history":[{"count":0,"href":"https:\/\/linitiative.ca\/International\/wp-json\/wp\/v2\/posts\/97033\/revisions"}],"wp:attachment":[{"href":"https:\/\/linitiative.ca\/International\/wp-json\/wp\/v2\/media?parent=97033"}],"wp:term":[{"taxonomy":"category","embeddable":true,"href":"https:\/\/linitiative.ca\/International\/wp-json\/wp\/v2\/categories?post=97033"},{"taxonomy":"post_tag","embeddable":true,"href":"https:\/\/linitiative.ca\/International\/wp-json\/wp\/v2\/tags?post=97033"}],"curies":[{"name":"wp","href":"https:\/\/api.w.org\/{rel}","templated":true}]}}