{"id":97034,"date":"2020-08-27T04:49:59","date_gmt":"2020-08-27T08:49:59","guid":{"rendered":"https:\/\/linitiative.ca\/International\/mobilisation-generale-pour-la-reussite-de-la-rentree-scolaire-2020-2021\/"},"modified":"2020-08-27T04:49:59","modified_gmt":"2020-08-27T08:49:59","slug":"mobilisation-generale-pour-la-reussite-de-la-rentree-scolaire-2020-2021","status":"publish","type":"post","link":"https:\/\/linitiative.ca\/International\/mobilisation-generale-pour-la-reussite-de-la-rentree-scolaire-2020-2021\/","title":{"rendered":"Mobilisation g\u00e9n\u00e9rale pour la r\u00e9ussite de la rentr\u00e9e scolaire 2020-2021"},"content":{"rendered":"<div readability=\"35\">\n<p>Essaouira \u2013 La Direction provinciale de l\u2019Education nationale (DPEN) \u00e0 Essaouira a tenu mardi deux r\u00e9unions consacr\u00e9es \u00e0 l\u2019examen des pr\u00e9paratifs de la rentr\u00e9e scolaire, marqu\u00e9e notamment par la crise sanitaire de Covid-19.<\/p>\n<\/div>\n<div readability=\"82\">\n<p>Pr\u00e9sid\u00e9es par le directeur provincial du minist\u00e8re de l\u2019\u00c9ducation nationale \u00e0 Essaouira, M. Noureddine El Aoufi El Ghazaoui, les deux r\u00e9unions se sont pench\u00e9es sur les formules p\u00e9dagogiques pr\u00e9sent\u00e9es par le minist\u00e8re de l\u2019\u00c9ducation nationale, en tenant compte des mesures prises contre la pand\u00e9mie.<\/p>\n<p>Ainsi, M. El Ghazaoui a tenu une r\u00e9union avec les repr\u00e9sentants des autorit\u00e9s \u00e9ducatives locales, au cours de laquelle il les a inform\u00e9s des directives du minist\u00e8re, en particulier les aspects li\u00e9s \u00e0 la formule p\u00e9dagogique adopt\u00e9e pendant cette ann\u00e9e scolaire (des cours en pr\u00e9sentiel ou \u00e0 distance).<\/p>\n<p>Par ailleurs, il a appel\u00e9 les repr\u00e9sentants des autorit\u00e9s \u00e9ducatives locales \u00e0 s\u2019engager de mani\u00e8re \u00ab\u00a0s\u00e9rieuse et efficace\u00a0\u00bb dans la mise en \u0153uvre de ces directives et la r\u00e9union de toutes les conditions n\u00e9cessaires \u00e0 la r\u00e9ussite de la rentr\u00e9e scolaire 2020-2021.<\/p>\n<p>Le responsable a indiqu\u00e9 que la DPEN mettra en \u0153uvre un protocole sanitaire strict qui prend en compte les mesures de pr\u00e9vention mises en place par les autorit\u00e9s sanitaires dans le cadre de la lutte contre la propagation du Covid-19.<\/p>\n<p>Ce protocole comprend l\u2019obligation du port du masque, le lavage et la d\u00e9sinfection r\u00e9guliers des mains, ainsi que le respect de la distanciation physique par la r\u00e9duction du nombre d\u2019\u00e9tudiants dans les \u00e9tablissements acad\u00e9miques et la st\u00e9rilisation continue des diff\u00e9rents \u00e9tablissements d\u2019enseignement.<\/p>\n<p>Le Directeur provincial du minist\u00e8re de l\u2019\u00c9ducation nationale \u00e0 Essaouira a tenu une deuxi\u00e8me r\u00e9union avec des repr\u00e9sentants des associations de parents d\u2019\u00e9l\u00e8ves et des \u00e9tablissements d\u2019enseignement priv\u00e9, durant laquelle il a soulign\u00e9 que les mesures prises par la DPEN visent \u00e0 pr\u00e9server la sant\u00e9 des \u00e9l\u00e8ves et des cadres p\u00e9dagogiques et administratifs.<\/p>\n<p>Dans ce sens, M. El Ghazaoui a tenu \u00e0 souligner que l\u2019enseignement en pr\u00e9sentiel sera assur\u00e9 pour les \u00e9tudiants dont les parents optent pour ce mod\u00e8le, sachant qu\u2019un m\u00e9canisme sera \u00e9tabli pour permettre aux familles de faire un tel choix \u00e0 partir du 1er septembre.<\/p>\n<p>Ces deux rencontres interviennent dans le sillage de la r\u00e9union virtuelle tenue lundi dernier entre l\u2019Acad\u00e9mie r\u00e9gionale de l\u2019\u00e9ducation et de la formation (AREF) de Marrakech-Safi et les huit directions provinciales du minist\u00e8re de l\u2019\u00c9ducation nationale, dans le cadre de la gestion de la rentr\u00e9e scolaire 2020-2021, qui d\u00e9butera le 7 septembre prochain, et d\u2019un examen des moyens \u00e0 m\u00eame de faire appliquer les mesures prises contre la pand\u00e9mie de COVID-19.<\/p>\n<\/div>\n<p>Auteur: Meriem IGASS<br \/>\n<a href=\"http:\/\/www.mapmarrakech.ma\/fr\/mobilisation-generale-pour-la-reussite-de-la-rentree-scolaire-2020-2021\/\">Cliquez ici pour lire l&rsquo;article depuis sa source.<\/a><\/p>\n","protected":false},"excerpt":{"rendered":"<p>Essaouira \u2013 La Direction provinciale de l\u2019Education nationale (DPEN) \u00e0 Essaouira a tenu mardi deux r\u00e9unions consacr\u00e9es \u00e0 l\u2019examen des pr\u00e9paratifs de la rentr\u00e9e scolaire, marqu\u00e9e notamment par la crise sanitaire de Covid-19. Pr\u00e9sid\u00e9es par le directeur provincial du minist\u00e8re de l\u2019\u00c9ducation nationale \u00e0 Essaouira, M. Noureddine El Aoufi El Ghazaoui, les deux r\u00e9unions se [&hellip;]<\/p>\n","protected":false},"author":1788,"featured_media":0,"comment_status":"closed","ping_status":"closed","sticky":false,"template":"","format":"standard","meta":{"fifu_image_url":"","fifu_image_alt":"","footnotes":""},"categories":[54,76],"tags":[],"class_list":["post-97034","post","type-post","status-publish","format-standard","hentry","category-maroc","category-regions"],"_links":{"self":[{"href":"https:\/\/linitiative.ca\/International\/wp-json\/wp\/v2\/posts\/97034","targetHints":{"allow":["GET"]}}],"collection":[{"href":"https:\/\/linitiative.ca\/International\/wp-json\/wp\/v2\/posts"}],"about":[{"href":"https:\/\/linitiative.ca\/International\/wp-json\/wp\/v2\/types\/post"}],"author":[{"embeddable":true,"href":"https:\/\/linitiative.ca\/International\/wp-json\/wp\/v2\/users\/1788"}],"replies":[{"embeddable":true,"href":"https:\/\/linitiative.ca\/International\/wp-json\/wp\/v2\/comments?post=97034"}],"version-history":[{"count":0,"href":"https:\/\/linitiative.ca\/International\/wp-json\/wp\/v2\/posts\/97034\/revisions"}],"wp:attachment":[{"href":"https:\/\/linitiative.ca\/International\/wp-json\/wp\/v2\/media?parent=97034"}],"wp:term":[{"taxonomy":"category","embeddable":true,"href":"https:\/\/linitiative.ca\/International\/wp-json\/wp\/v2\/categories?post=97034"},{"taxonomy":"post_tag","embeddable":true,"href":"https:\/\/linitiative.ca\/International\/wp-json\/wp\/v2\/tags?post=97034"}],"curies":[{"name":"wp","href":"https:\/\/api.w.org\/{rel}","templated":true}]}}