{"id":97035,"date":"2020-08-27T05:00:16","date_gmt":"2020-08-27T09:00:16","guid":{"rendered":"https:\/\/linitiative.ca\/International\/les-cadres-de-la-medecine-militaire-renforcent-les-centres-hospitaliers\/"},"modified":"2020-08-27T05:00:16","modified_gmt":"2020-08-27T09:00:16","slug":"les-cadres-de-la-medecine-militaire-renforcent-les-centres-hospitaliers","status":"publish","type":"post","link":"https:\/\/linitiative.ca\/International\/les-cadres-de-la-medecine-militaire-renforcent-les-centres-hospitaliers\/","title":{"rendered":"Les cadres de la m\u00e9decine militaire renforcent les centres hospitaliers"},"content":{"rendered":"<div class=\"single-featured\"><img alt=\"\" data-src=\"http:\/\/www.mapmarrakech.ma\/map\/uploads\/2020\/08\/accueil-des-cadres-militaires-copier.jpg\"\/><\/div>\n<div class=\"single-post-excerpt post-excerpt-bc\" readability=\"35\">\n<p>Marrakech \u2013 L\u2019offre sanitaire au niveau de la ville de Marrakech s\u2019est vue renforc\u00e9e par la mobilisation d\u2019une \u00e9quipe de la m\u00e9decine militaire, qui appuiera les efforts de lutte contre la propagation du Covid-19.<\/p>\n<\/div>\n<div class=\"entry-content clearfix single-post-content\" readability=\"52\">\n<p>Ainsi le Wali de la r\u00e9gion Marrakech-Safi, gouverneur de la pr\u00e9fecture de Marrakech, Karim Kassi-Lahlou, a re\u00e7u mardi, au si\u00e8ge de la wilaya de la r\u00e9gion, des cadres de la m\u00e9decine militaire et ce, en vue de renforcer les centres hospitaliers en ressources humaines suffisantes pour prendre en charge tous les cas admis afin de contenir la propagation de la pand\u00e9mie du nouveau coronavirus (Covid-19).<\/p>\n<p>La mobilisation de la m\u00e9decine militaire intervient suite aux derni\u00e8res \u00e9volutions de la situation \u00e9pid\u00e9miologique au niveau de Marrakech, qui a enregistr\u00e9 une recrudescence des cas d\u2019infection au Covid-19.<\/p>\n<p>Cette r\u00e9ception s\u2019est d\u00e9roul\u00e9e en pr\u00e9sence du G\u00e9n\u00e9ral de Brigade, Commandant d\u2019armes d\u00e9l\u00e9gu\u00e9 de la place de Marrakech, des repr\u00e9sentants des services de s\u00e9curit\u00e9 et de la directrice r\u00e9gionale de la sant\u00e9.<\/p>\n<\/div>\n<p>Auteur: Meriem IGASS<br \/>\n<a href=\"http:\/\/www.mapmarrakech.ma\/fr\/les-cadres-de-la-medecine-militaire-renforcent-les-centres-hospitaliers\/\">Cliquez ici pour lire l&rsquo;article depuis sa source.<\/a><\/p>\n","protected":false},"excerpt":{"rendered":"<p>Marrakech \u2013 L\u2019offre sanitaire au niveau de la ville de Marrakech s\u2019est vue renforc\u00e9e par la mobilisation d\u2019une \u00e9quipe de la m\u00e9decine militaire, qui appuiera les efforts de lutte contre la propagation du Covid-19. Ainsi le Wali de la r\u00e9gion Marrakech-Safi, gouverneur de la pr\u00e9fecture de Marrakech, Karim Kassi-Lahlou, a re\u00e7u mardi, au si\u00e8ge de [&hellip;]<\/p>\n","protected":false},"author":1788,"featured_media":97036,"comment_status":"closed","ping_status":"closed","sticky":false,"template":"","format":"standard","meta":{"fifu_image_url":"","fifu_image_alt":"","footnotes":""},"categories":[54,76],"tags":[],"class_list":["post-97035","post","type-post","status-publish","format-standard","has-post-thumbnail","hentry","category-maroc","category-regions"],"_links":{"self":[{"href":"https:\/\/linitiative.ca\/International\/wp-json\/wp\/v2\/posts\/97035","targetHints":{"allow":["GET"]}}],"collection":[{"href":"https:\/\/linitiative.ca\/International\/wp-json\/wp\/v2\/posts"}],"about":[{"href":"https:\/\/linitiative.ca\/International\/wp-json\/wp\/v2\/types\/post"}],"author":[{"embeddable":true,"href":"https:\/\/linitiative.ca\/International\/wp-json\/wp\/v2\/users\/1788"}],"replies":[{"embeddable":true,"href":"https:\/\/linitiative.ca\/International\/wp-json\/wp\/v2\/comments?post=97035"}],"version-history":[{"count":0,"href":"https:\/\/linitiative.ca\/International\/wp-json\/wp\/v2\/posts\/97035\/revisions"}],"wp:featuredmedia":[{"embeddable":true,"href":"https:\/\/linitiative.ca\/International\/wp-json\/"}],"wp:attachment":[{"href":"https:\/\/linitiative.ca\/International\/wp-json\/wp\/v2\/media?parent=97035"}],"wp:term":[{"taxonomy":"category","embeddable":true,"href":"https:\/\/linitiative.ca\/International\/wp-json\/wp\/v2\/categories?post=97035"},{"taxonomy":"post_tag","embeddable":true,"href":"https:\/\/linitiative.ca\/International\/wp-json\/wp\/v2\/tags?post=97035"}],"curies":[{"name":"wp","href":"https:\/\/api.w.org\/{rel}","templated":true}]}}