{"id":97037,"date":"2020-08-27T05:05:05","date_gmt":"2020-08-27T09:05:05","guid":{"rendered":"https:\/\/linitiative.ca\/International\/hausse-de-plus-de-25-du-trafic-au-niveau-du-port-a-fin-juillet\/"},"modified":"2020-08-27T05:05:05","modified_gmt":"2020-08-27T09:05:05","slug":"hausse-de-plus-de-25-du-trafic-au-niveau-du-port-a-fin-juillet","status":"publish","type":"post","link":"https:\/\/linitiative.ca\/International\/hausse-de-plus-de-25-du-trafic-au-niveau-du-port-a-fin-juillet\/","title":{"rendered":"Hausse de plus de 25% du trafic au niveau du port \u00e0 fin juillet"},"content":{"rendered":"<div class=\"single-featured\"><img alt=\"\" data-src=\"http:\/\/www.mapmarrakech.ma\/map\/uploads\/2020\/07\/Port-Safi-copier.jpg\"\/><\/div>\n<div class=\"single-post-excerpt post-excerpt-bc\" readability=\"37\">\n<p>Safi \u2013 Le trafic transitant via le port de Safi a atteint \u00e0 fin juillet un volume d\u2019environ 4,8 millions de tonnes (MT), soit une hausse de 25,4% par rapport \u00e0 la m\u00eame p\u00e9riode de l\u2019ann\u00e9e 2019.<\/p>\n<\/div>\n<div class=\"entry-content clearfix single-post-content\" readability=\"66\">\n<p>Cette \u00e9volution est imputable notamment au fort rebond des importations du charbon (+353,4%), des c\u00e9r\u00e9ales (75,5%) et des exportations des phosphates (+53,4%) et du gypse (+27,3%), pr\u00e9cise un rapport de l\u2019Agence nationale des ports (ANP).<\/p>\n<p>Au niveau de l\u2019importation des c\u00e9r\u00e9ales, le port de Safi est plac\u00e9 5\u00e8me, repr\u00e9sentant ainsi 3,8 % de ce trafic national derri\u00e8re les ports de Casablanca (56,5%), Jorf Lasfar (23,3%), Agadir (23,3%) et Nador (5,9%).<\/p>\n<p>Les ports g\u00e9r\u00e9s par l\u2019ANP ont enregistr\u00e9 un trafic global de 54,7 MT \u00e0 fin juillet 2020, en croissance de 6,3% par rapport \u00e0 la m\u00eame p\u00e9riode un an auparavant.<\/p>\n<p>La r\u00e9partition du trafic par port fait ressortir que les ports de Mohammedia, Casablanca et Jorf Lasfar ont assur\u00e9 le transit de 43 MT, ce qui repr\u00e9sente environ 78,6% du trafic des ports g\u00e9r\u00e9s par l\u2019ANP.<\/p>\n<\/div>\n<p>Auteur: Meriem IGASS<br \/>\n<a href=\"http:\/\/www.mapmarrakech.ma\/fr\/hausse-de-plus-de-25-du-trafic-au-niveau-du-port-a-fin-juillet\/\">Cliquez ici pour lire l&rsquo;article depuis sa source.<\/a><\/p>\n","protected":false},"excerpt":{"rendered":"<p>Safi \u2013 Le trafic transitant via le port de Safi a atteint \u00e0 fin juillet un volume d\u2019environ 4,8 millions de tonnes (MT), soit une hausse de 25,4% par rapport \u00e0 la m\u00eame p\u00e9riode de l\u2019ann\u00e9e 2019. Cette \u00e9volution est imputable notamment au fort rebond des importations du charbon (+353,4%), des c\u00e9r\u00e9ales (75,5%) et des [&hellip;]<\/p>\n","protected":false},"author":1788,"featured_media":97038,"comment_status":"closed","ping_status":"closed","sticky":false,"template":"","format":"standard","meta":{"fifu_image_url":"","fifu_image_alt":"","footnotes":""},"categories":[54,76],"tags":[],"class_list":["post-97037","post","type-post","status-publish","format-standard","has-post-thumbnail","hentry","category-maroc","category-regions"],"_links":{"self":[{"href":"https:\/\/linitiative.ca\/International\/wp-json\/wp\/v2\/posts\/97037","targetHints":{"allow":["GET"]}}],"collection":[{"href":"https:\/\/linitiative.ca\/International\/wp-json\/wp\/v2\/posts"}],"about":[{"href":"https:\/\/linitiative.ca\/International\/wp-json\/wp\/v2\/types\/post"}],"author":[{"embeddable":true,"href":"https:\/\/linitiative.ca\/International\/wp-json\/wp\/v2\/users\/1788"}],"replies":[{"embeddable":true,"href":"https:\/\/linitiative.ca\/International\/wp-json\/wp\/v2\/comments?post=97037"}],"version-history":[{"count":0,"href":"https:\/\/linitiative.ca\/International\/wp-json\/wp\/v2\/posts\/97037\/revisions"}],"wp:featuredmedia":[{"embeddable":true,"href":"https:\/\/linitiative.ca\/International\/wp-json\/"}],"wp:attachment":[{"href":"https:\/\/linitiative.ca\/International\/wp-json\/wp\/v2\/media?parent=97037"}],"wp:term":[{"taxonomy":"category","embeddable":true,"href":"https:\/\/linitiative.ca\/International\/wp-json\/wp\/v2\/categories?post=97037"},{"taxonomy":"post_tag","embeddable":true,"href":"https:\/\/linitiative.ca\/International\/wp-json\/wp\/v2\/tags?post=97037"}],"curies":[{"name":"wp","href":"https:\/\/api.w.org\/{rel}","templated":true}]}}