{"id":97043,"date":"2020-08-27T02:56:42","date_gmt":"2020-08-27T06:56:42","guid":{"rendered":"https:\/\/linitiative.ca\/International\/10-ans-de-prison-ferme-requis-contre-lancien-directeur-de-lagence-fonciere-doran\/"},"modified":"2020-08-27T02:56:42","modified_gmt":"2020-08-27T06:56:42","slug":"10-ans-de-prison-ferme-requis-contre-lancien-directeur-de-lagence-fonciere-doran","status":"publish","type":"post","link":"https:\/\/linitiative.ca\/International\/10-ans-de-prison-ferme-requis-contre-lancien-directeur-de-lagence-fonciere-doran\/","title":{"rendered":"10 ans de prison ferme requis contre l\u2019ancien directeur de l\u2019agence fonci\u00e8re d\u2019Oran"},"content":{"rendered":"<div readability=\"41\">\n<p><strong>ORAN\u2013 Le procureur de la R\u00e9publique pr\u00e8s le tribunal correctionnel d\u2019Oran a requis, mercredi, une peine de 10 ans de prison ferme \u00e0 l\u2019encontre de l\u2019ancien directeur de l\u2018agence fonci\u00e8re de wilaya, Mohamed Mebarki, et de l\u2019ex-directrice de la conservation fonci\u00e8re de la commune d\u2019Es-S\u00e9nia, accus\u00e9s de \u00ab\u00a0dilapidation du foncier\u00a0\u00bb, notamment \u00ab\u00a0la vente de nombreux terrains au dinar symbolique\u00a0\u00bb.<\/strong><\/p>\n<\/div>\n<div readability=\"90.5\">\n<p>A l\u2019issue du proc\u00e8s, renvoy\u00e9 \u00e0 quatre reprises, marqu\u00e9 par l\u2019absence de plusieurs t\u00e9moins, le procureur de la R\u00e9publique a requis 10 ans de prison ferme \u00e0 l\u2019encontre des deux accus\u00e9s, ainsi que la saisie de tous leurs biens.<\/p>\n<p>Les reports successifs du proc\u00e8s sont dus \u00e0 l\u2019absence de plusieurs t\u00e9moins, ainsi qu\u2019en raison d\u2019une demande introduite par la d\u00e9fense de Mohamed Mebarki, qui avait sollicit\u00e9 la pr\u00e9sence de l\u2019ex-secr\u00e9taire g\u00e9n\u00e9ral de la wilaya d\u2019Oran et du directeur du contentieux de l\u2019agence fonci\u00e8re, ainsi que du commissaire aux comptes de cette structure.<\/p>\n<blockquote readability=\"14\">\n<p><em><strong>Cette affaire, qui a \u00e9clat\u00e9 durant l\u2019\u00e9t\u00e9 2019, a connu de nombreuses arrestations, \u00e0 l\u2019issue de l\u2019enqu\u00eate men\u00e9e par la brigade \u00e9conomique et financi\u00e8re de la s\u00fbret\u00e9 de wilaya, notamment les ex-P\/APC d\u2019Es-S\u00e9nia et de Bir El-Djir, la directrice de la conservation fonci\u00e8re d\u2019Es-S\u00e9nia, ainsi que l\u2019ancien chef de la s\u00fbret\u00e9 de wilaya d\u2019Oran et le fr\u00e8re du directeur g\u00e9n\u00e9ral de la s\u00fbret\u00e9 nationale.<\/strong><\/em><\/p>\n<\/blockquote>\n<p>Cependant, l\u2019affaire du fr\u00e8re de l\u2019ancien DGSN a \u00e9t\u00e9 s\u00e9par\u00e9 de ce dossier et l\u2019accus\u00e9 a \u00e9t\u00e9 jug\u00e9 s\u00e9par\u00e9ment et condamn\u00e9 \u00e0 4 ans de prison ferme, le 24 juin dernier, par la m\u00eame juridiction.<\/p>\n<p>Mohamed Mebarki, avait \u00e9t\u00e9 arr\u00eat\u00e9 en ao\u00fbt 2019, alors qu\u2019il tentait de fuir clandestinement le pays par voie maritime, rappelle-t-on.<\/p>\n<p>Le principal inculp\u00e9 ainsi que les autres mis en cause, dont l&rsquo;ancien wali d\u2019Oran, Abdelghani Za\u00e2lane, sont accus\u00e9s de corruption et de dilapidation du foncier dans la da\u00efra de Bir El-Djir et dans la commune d\u2019Es-S\u00e9nia, des lots c\u00e9d\u00e9s \u00e0 des prix en-de\u00e7\u00e0 de leur v\u00e9ritable valeur, voire au dinar symbolique \u00e0 certains anciens responsables.<\/p>\n<p>Une trentaine de hauts cadres et d\u2019ex-responsables \u00e0 la wilaya d\u2019Oran ainsi que des hommes d\u2019affaires ont \u00e9t\u00e9 entendus par le juge d\u2019instruction de la 9e chambre pr\u00e8s le tribunal de la cit\u00e9 Djamel.<\/p>\n<blockquote readability=\"9\">\n<p><em><strong>Cette affaire a \u00e9clat\u00e9 suite \u00e0 des informations portant sur les agissements illicites de l\u2019ex-directeur de l\u2019agence fonci\u00e8re, d\u00e9nonc\u00e9 par un de ses employ\u00e9s, ce qui a conduit le parquet d\u2019Oran \u00e0 ouvrir une enqu\u00eate.<\/strong><\/em><\/p>\n<\/blockquote>\n<p>En effet, suite aux investigations, il a \u00e9t\u00e9 d\u00e9termin\u00e9 que les 15 lots de terrain vendus \u00e9taient destin\u00e9s \u00e0 la construction de projets d\u2019utilit\u00e9 publique, ainsi que 12 autres lots se trouvant \u00e0 Es-S\u00e9nia vendus aussi \u00e0 des prix d\u00e9risoires.<\/p>\n<p>Le verdict de cette affaire sera rendu ult\u00e9rieurement.<\/p>\n<\/div>\n<p>Auteur:<br \/>\n<a href=\"http:\/\/www.aps.dz\/regions\/109064-justice-10-ans-de-prison-ferme-requis-contre-l-ancien-directeur-de-l-agence-fonciere-d-oran\">Cliquez ici pour lire l&rsquo;article depuis sa source.<\/a><\/p>\n","protected":false},"excerpt":{"rendered":"<p>ORAN\u2013 Le procureur de la R\u00e9publique pr\u00e8s le tribunal correctionnel d\u2019Oran a requis, mercredi, une peine de 10 ans de prison ferme \u00e0 l\u2019encontre de l\u2019ancien directeur de l\u2018agence fonci\u00e8re de wilaya, Mohamed Mebarki, et de l\u2019ex-directrice de la conservation fonci\u00e8re de la commune d\u2019Es-S\u00e9nia, accus\u00e9s de \u00ab\u00a0dilapidation du foncier\u00a0\u00bb, notamment \u00ab\u00a0la vente de nombreux [&hellip;]<\/p>\n","protected":false},"author":1790,"featured_media":0,"comment_status":"closed","ping_status":"closed","sticky":false,"template":"","format":"standard","meta":{"fifu_image_url":"","fifu_image_alt":"","footnotes":""},"categories":[53,76],"tags":[],"class_list":["post-97043","post","type-post","status-publish","format-standard","hentry","category-algerie","category-regions"],"_links":{"self":[{"href":"https:\/\/linitiative.ca\/International\/wp-json\/wp\/v2\/posts\/97043","targetHints":{"allow":["GET"]}}],"collection":[{"href":"https:\/\/linitiative.ca\/International\/wp-json\/wp\/v2\/posts"}],"about":[{"href":"https:\/\/linitiative.ca\/International\/wp-json\/wp\/v2\/types\/post"}],"author":[{"embeddable":true,"href":"https:\/\/linitiative.ca\/International\/wp-json\/wp\/v2\/users\/1790"}],"replies":[{"embeddable":true,"href":"https:\/\/linitiative.ca\/International\/wp-json\/wp\/v2\/comments?post=97043"}],"version-history":[{"count":0,"href":"https:\/\/linitiative.ca\/International\/wp-json\/wp\/v2\/posts\/97043\/revisions"}],"wp:attachment":[{"href":"https:\/\/linitiative.ca\/International\/wp-json\/wp\/v2\/media?parent=97043"}],"wp:term":[{"taxonomy":"category","embeddable":true,"href":"https:\/\/linitiative.ca\/International\/wp-json\/wp\/v2\/categories?post=97043"},{"taxonomy":"post_tag","embeddable":true,"href":"https:\/\/linitiative.ca\/International\/wp-json\/wp\/v2\/tags?post=97043"}],"curies":[{"name":"wp","href":"https:\/\/api.w.org\/{rel}","templated":true}]}}