{"id":97045,"date":"2020-08-27T07:40:18","date_gmt":"2020-08-27T11:40:18","guid":{"rendered":"https:\/\/linitiative.ca\/International\/oum-el-bouaghi-la-culture-du-e-commerce-dopee-par-la-crise-liee-au-coronavirus\/"},"modified":"2020-08-27T07:40:18","modified_gmt":"2020-08-27T11:40:18","slug":"oum-el-bouaghi-la-culture-du-e-commerce-dopee-par-la-crise-liee-au-coronavirus","status":"publish","type":"post","link":"https:\/\/linitiative.ca\/International\/oum-el-bouaghi-la-culture-du-e-commerce-dopee-par-la-crise-liee-au-coronavirus\/","title":{"rendered":"Oum El Bouaghi : la culture du e-commerce dop\u00e9e par la crise li\u00e9e au Coronavirus"},"content":{"rendered":"<div readability=\"36\">\n<p><strong>OUM EL BOUAGHI &#8211; Longtemps rest\u00e9 l\u2019apanage d\u2019une poign\u00e9e de commer\u00e7ants de la wilaya d\u2019Oum El Bouaghi, le march\u00e9 du commerce \u00e9lectronique et de la vente en ligne \u00e0 fortement gagn\u00e9 en popularit\u00e9 depuis la pand\u00e9mie du coronavirus qui a engendr\u00e9 une activit\u00e9 au ralenti du secteur et la fermeture des locaux et des espaces commerciaux dans le cadre de l\u2019application des mesures pr\u00e9ventives.<\/strong><\/p>\n<\/div>\n<div readability=\"118.46390559926\">\n<p>De nombreux commer\u00e7ants de cette wilaya ont \u00e9t\u00e9 contraints de revoir leurs habitudes et de faire la promotion de leurs produits sur les r\u00e9seaux sociaux au risque de tout bonnement mettre la cl\u00e9 sous le paillasson.<\/p>\n<blockquote readability=\"8\">\n<p><em><strong>Propri\u00e9taire d\u2019un magasin de chaussures pour femmes \u00e0 Ain Beida (26 km \u00e0 l\u2019Est d\u2019Oum El Bouaghi), Mustapha Bouchemal fait partie des commer\u00e7ants ayant adopt\u00e9 le num\u00e9rique au cours de cette p\u00e9riode de confinement.<\/strong><\/em><\/p>\n<\/blockquote>\n<p>\u00ab\u00a0Je n\u2019aurais jamais cru que les r\u00e9seaux sociaux pourraient autant m\u2019aider \u00e0 me positionner sur le march\u00e9,\u00a0\u00bb avoue-t-il timidement. Et de poursuivre :<\/p>\n<p>\u00ab\u00a0je suis novice dans le commerce de chaussures et la conjoncture sanitaire actuelle a renforc\u00e9 en moi l\u2019id\u00e9e que le commerce en ligne, du fait des avantages qu\u2019il propose, est r\u00e9ellement l\u2019avenir du secteur.\u00a0\u00bb<\/p>\n<hr\/>\n<p><strong>Lire aussi:<\/strong>\u00a0<a href=\"\/proxy\/3b4e3e83\/http\/www.aps.dz\/regions\/105313-a-l-approche-de-l-aid-el-fitr-a-oran-le-e-commerce-s-impose-comme-alternative-pour-faire-ses-achats\">A l\u2019approche de l\u2019A\u00efd El fitr \u00e0 Oran, le e-commerce s\u2019impose comme alternative pour faire ses achats<\/a><\/p>\n<hr\/>\n<p>Manifestement ravi de sa r\u00e9cente exp\u00e9rience dans la vente sur les r\u00e9seaux sociaux, ce commer\u00e7ant dit vouloir cr\u00e9er son propre site de e-boutique qui \u00ab\u00a0me permettrait de faire une meilleure promotion de mes produits et d\u2019am\u00e9liorer mes services de vente en permettant, entre autres, \u00e0 mes clientes de passer commande en ligne et de b\u00e9n\u00e9ficier de la livraison \u00e0 domicile.\u00a0\u00bb<\/p>\n<blockquote readability=\"10\">\n<p><em><strong>Walid, vendeur de v\u00eatements et d\u2019\u00e9quipements de sport \u00e0 Oum El Bouaghi, va \u00e9galement dans le m\u00eame sens, affirmant que \u00ab\u00a0la vente en ligne s\u2019\u00e9rige comment un \u00e9l\u00e9ment incontournable dans le secteur commercial.\u00a0\u00bb<\/strong><\/em><\/p>\n<\/blockquote>\n<p>Il a ainsi r\u00e9v\u00e9l\u00e9 avoir d\u00e9but\u00e9 ses activit\u00e9s commerciales sur les diff\u00e9rents r\u00e9seaux sociaux qui lui ont permis de se faire un nom et d\u00e9velopper par la suite son business en ouvrant son propre local.<\/p>\n<p>M\u00eame son de cloche du c\u00f4t\u00e9 de Salim en ce qui concerne l\u2019utilisation de \u00ab\u00a0Facebook\u00a0\u00bb pour la vente en ligne.<\/p>\n<p>Ce propri\u00e9taire d\u2019un commerce d\u2019habillement \u00e0 la cit\u00e9 20 ao\u00fbt 1955 \u00e0 Oum El Bouaghi indique s\u2019\u00eatre servi de Facebook comme vitrine durant la p\u00e9riode d\u2019A\u00efd El fitr dernier.<\/p>\n<p>\u00ab\u00a0C\u2019\u00e9tait encourageant comme r\u00e9sultat et j\u2019ai d\u00e9cid\u00e9 de poursuivre l\u2019aventure\u00a0\u00bb, rel\u00e8ve-t-il.<\/p>\n<p>Le jeune commer\u00e7ant assure que cette initiative lui a permis d\u2019attirer de nouveaux clients \u00e0 la fois de l\u2019int\u00e9rieur et de l\u2019ext\u00e9rieur de la wilaya.<\/p>\n<p><strong>\u00a0<\/strong><\/p>\n<p><strong>Facebook, le moyen le plus prudent pour acheter son repas en cette conjoncture sanitaire<\/strong><\/p>\n<p>Au regard des mesures pr\u00e9ventives contre la propagation du coronavirus relatives \u00e0 la distanciation sociale et \u00e0 la suspension de certaines activit\u00e9s commerciales, de nombreux restaurants et fast-foods locaux se sont appuy\u00e9s sur Facebook pour se \u00ab\u00a0r\u00e9inventer\u00a0\u00bb en services de livraison et de plats \u00e0 emporter.<\/p>\n<blockquote readability=\"9\">\n<p><em><strong>C\u2019est ainsi que de nombreux restaurants d\u2019Oum El Bouaghi mettent en avant, d\u00e9sormais, leur menu sur leur page Facebook et permettent \u00e0 leurs clients de passer commande et de se faire livrer \u00e0 domicile pour minimiser au maximum tout risque de contamination.<\/strong><\/em><\/p>\n<\/blockquote>\n<p>La jeune Meriem \u00e9merge le plus du lot des restaurateurs-livreurs par sa mani\u00e8re de sublimer les mets qu\u2019elle pr\u00e9pare \u00e0 travers des photographies qu\u2019elle poste sur son compte Facebook.<\/p>\n<p>\u00ab\u00a0J\u2019ai trouv\u00e9 dans les r\u00e9seaux sociaux le meilleur moyen de cibler ma client\u00e8le, d\u2019autant plus que les gens sont maintenant \u00e0 longueur de journ\u00e9e scotch\u00e9s \u00e0 leur t\u00e9l\u00e9phone et que l\u2019\u00e9pid\u00e9mie du coronavirus \u00e0 fait appara\u00eetre de nouveaux comportements de consommation\u00a0\u00bb, indique Meriem, contact\u00e9e par t\u00e9l\u00e9phone.<\/p>\n<p>La jeune fille, nutritionniste di\u00e9t\u00e9ticienne du sport de formation, travaille dans le secteur de l\u2019\u00e9ducation et affirme que les r\u00e9seaux sociaux lui ont offert la meilleure carte de visite possible.<\/p>\n<blockquote readability=\"10\">\n<p><em><strong>\u00ab\u00a0Je veille scrupuleusement au lancement de cette activit\u00e9 commerciale, \u00e0 \u00e9tudier mes pr\u00e9parations en termes de valeurs nutritionnelles, \u00e0 respecter les mesures d\u2019hygi\u00e8ne et \u00e0 atteindre les consommateurs en fixant des prix concurrentiels\u00a0\u00bb, lance-t-elle.<\/strong><\/em><\/p>\n<\/blockquote>\n<p>Une ligne de conduite qui, selon elle, lui a permis de vendre une quantit\u00e9 importante de plats sur Facebook.<\/p>\n<p>La jeune femme qui s\u2019est lanc\u00e9e dans cette aventure digitale il y a plus de deux mois de cela, consid\u00e8re que \u00ab\u00a0les m\u00e9dias sociaux sont devenus un march\u00e9 accessible \u00e0 toutes les formes d\u2019activit\u00e9s commerciales et de publicit\u00e9.\u00a0\u00bb<\/p>\n<\/div>\n<p>Auteur:<br \/>\n<a href=\"http:\/\/www.aps.dz\/regions\/109072-oum-el-bouaghi-la-culture-du-e-commerce-dopee-par-la-crise-liee-au-coronavirus\">Cliquez ici pour lire l&rsquo;article depuis sa source.<\/a><\/p>\n","protected":false},"excerpt":{"rendered":"<p>OUM EL BOUAGHI &#8211; Longtemps rest\u00e9 l\u2019apanage d\u2019une poign\u00e9e de commer\u00e7ants de la wilaya d\u2019Oum El Bouaghi, le march\u00e9 du commerce \u00e9lectronique et de la vente en ligne \u00e0 fortement gagn\u00e9 en popularit\u00e9 depuis la pand\u00e9mie du coronavirus qui a engendr\u00e9 une activit\u00e9 au ralenti du secteur et la fermeture des locaux et des espaces [&hellip;]<\/p>\n","protected":false},"author":1790,"featured_media":0,"comment_status":"closed","ping_status":"closed","sticky":false,"template":"","format":"standard","meta":{"fifu_image_url":"","fifu_image_alt":"","footnotes":""},"categories":[53,76],"tags":[],"class_list":["post-97045","post","type-post","status-publish","format-standard","hentry","category-algerie","category-regions"],"_links":{"self":[{"href":"https:\/\/linitiative.ca\/International\/wp-json\/wp\/v2\/posts\/97045","targetHints":{"allow":["GET"]}}],"collection":[{"href":"https:\/\/linitiative.ca\/International\/wp-json\/wp\/v2\/posts"}],"about":[{"href":"https:\/\/linitiative.ca\/International\/wp-json\/wp\/v2\/types\/post"}],"author":[{"embeddable":true,"href":"https:\/\/linitiative.ca\/International\/wp-json\/wp\/v2\/users\/1790"}],"replies":[{"embeddable":true,"href":"https:\/\/linitiative.ca\/International\/wp-json\/wp\/v2\/comments?post=97045"}],"version-history":[{"count":0,"href":"https:\/\/linitiative.ca\/International\/wp-json\/wp\/v2\/posts\/97045\/revisions"}],"wp:attachment":[{"href":"https:\/\/linitiative.ca\/International\/wp-json\/wp\/v2\/media?parent=97045"}],"wp:term":[{"taxonomy":"category","embeddable":true,"href":"https:\/\/linitiative.ca\/International\/wp-json\/wp\/v2\/categories?post=97045"},{"taxonomy":"post_tag","embeddable":true,"href":"https:\/\/linitiative.ca\/International\/wp-json\/wp\/v2\/tags?post=97045"}],"curies":[{"name":"wp","href":"https:\/\/api.w.org\/{rel}","templated":true}]}}