{"id":97046,"date":"2020-08-27T12:48:56","date_gmt":"2020-08-27T16:48:56","guid":{"rendered":"https:\/\/linitiative.ca\/International\/oran-une-rencontre-sur-ledition-en-langue-tamazighte\/"},"modified":"2020-08-27T12:48:56","modified_gmt":"2020-08-27T16:48:56","slug":"oran-une-rencontre-sur-ledition-en-langue-tamazighte","status":"publish","type":"post","link":"https:\/\/linitiative.ca\/International\/oran-une-rencontre-sur-ledition-en-langue-tamazighte\/","title":{"rendered":"Oran: une rencontre sur l\u2019\u00e9dition en langue tamazighte"},"content":{"rendered":"<p><span class=\"sp-nh-title\">D\u00e9veloppement en Afrique: appel au renforcement des capacit\u00e9s de la BAD<\/span> &#8211; <span class=\"sp-nh-date\">jeudi 27 ao\u00fbt 2020 18:56<\/span><\/p>\n<p><span class=\"sp-nh-title\">Ligue 1: le pr\u00e9sident du MC Alger sanctionn\u00e9 6 mois par la LFP<\/span> &#8211; <span class=\"sp-nh-date\">jeudi 27 ao\u00fbt 2020 18:47<\/span><\/p>\n<p><span class=\"sp-nh-title\">Fonds de la Zakat: hausse de la collecte \u00e0 1,57 milliard DA en 2019<\/span> &#8211; <span class=\"sp-nh-date\">jeudi 27 ao\u00fbt 2020 18:40<\/span><\/p>\n<p><span class=\"sp-nh-title\">Alg\u00e9rie-France: entretien t\u00e9l\u00e9phonique entre Tebboune et Macron<\/span> &#8211; <span class=\"sp-nh-date\">jeudi 27 ao\u00fbt 2020 18:30<\/span><\/p>\n<p><span class=\"sp-nh-title\">R\u00e9union de travail entre Chiali et le DG de l\u2019Agence alg\u00e9rienne de coop\u00e9ration internationale<\/span> &#8211; <span class=\"sp-nh-date\">jeudi 27 ao\u00fbt 2020 18:24<\/span><\/p>\n<p><span class=\"sp-nh-title\">Covid-19: plus de 30.000 alg\u00e9riens rapatri\u00e9s depuis mars dernier<\/span> &#8211; <span class=\"sp-nh-date\">jeudi 27 ao\u00fbt 2020 18:21<\/span><\/p>\n<p><span class=\"sp-nh-title\">Enseignement sup\u00e9rieur: les dispositions exceptionnelles pour l&rsquo;ann\u00e9e 2019\/2020 fix\u00e9es<\/span> &#8211; <span class=\"sp-nh-date\">jeudi 27 ao\u00fbt 2020 17:57<\/span><\/p>\n<p><span class=\"sp-nh-title\">Oran: une rencontre sur l\u2019\u00e9dition en langue tamazighte<\/span> &#8211; <span class=\"sp-nh-date\">jeudi 27 ao\u00fbt 2020 17:48<\/span><\/p>\n<p><span class=\"sp-nh-title\">Le RND favorable \u00e0 tout document constitutionnel consensuel<\/span> &#8211; <span class=\"sp-nh-date\">jeudi 27 ao\u00fbt 2020 17:47<\/span><\/p>\n<p><span class=\"sp-nh-title\">Ligue 1: le CS Constantine signe la convention tripartite<\/span> &#8211; <span class=\"sp-nh-date\">jeudi 27 ao\u00fbt 2020 17:30<\/span><\/p>\n<p><span class=\"sp-nh-title\">Covid-19: 397 nouveaux cas, 271 gu\u00e9risons et 10 d\u00e9c\u00e8s<\/span> &#8211; <span class=\"sp-nh-date\">jeudi 27 ao\u00fbt 2020 17:11<\/span><\/p>\n<p><span class=\"sp-nh-title\">Une rencontre sur les alternatives aux carburants polluants lundi \u00e0 Alger<\/span> &#8211; <span class=\"sp-nh-date\">jeudi 27 ao\u00fbt 2020 16:46<\/span><\/p>\n<p><span class=\"sp-nh-title\">L\u2019ANP vise \u00e0 donner \u00e0 la Marine alg\u00e9rienne la place qu\u2019elle m\u00e9rite<\/span> &#8211; <span class=\"sp-nh-date\">jeudi 27 ao\u00fbt 2020 16:36<\/span><\/p>\n<p><span class=\"sp-nh-title\">Grave accident au niveau de l&rsquo;axe autoroutier Khemis Khechna-Alger<\/span> &#8211; <span class=\"sp-nh-date\">jeudi 27 ao\u00fbt 2020 16:33<\/span><\/p>\n<p><span class=\"sp-nh-title\">Universit\u00e9: un arr\u00eat\u00e9 fixant les mesures relatives \u00e0 l\u2019organisation p\u00e9dagogique<\/span> &#8211; <span class=\"sp-nh-date\">jeudi 27 ao\u00fbt 2020 16:06<\/span><\/p>\n<p><span class=\"sp-nh-title\">Agriculture-Sud: un projet de d\u00e9cret portant cr\u00e9ation d\u2019un Office de d\u00e9veloppement endoss\u00e9<\/span> &#8211; <span class=\"sp-nh-date\">jeudi 27 ao\u00fbt 2020 15:57<\/span><\/p>\n<p><span class=\"sp-nh-title\">Mali: Keita lib\u00e9r\u00e9 par les militaires mutins<\/span> &#8211; <span class=\"sp-nh-date\">jeudi 27 ao\u00fbt 2020 15:42<\/span><\/p>\n<p><span class=\"sp-nh-title\">Accidents de la circulation: 7 morts et 195 bless\u00e9s en 24 heures<\/span> &#8211; <span class=\"sp-nh-date\">jeudi 27 ao\u00fbt 2020 15:06<\/span><\/p>\n<p><span class=\"sp-nh-title\">Un projet de d\u00e9cret ex\u00e9cutif pour maintenir la bonification du taux d&rsquo;int\u00e9r\u00eat<\/span> &#8211; <span class=\"sp-nh-date\">jeudi 27 ao\u00fbt 2020 14:02<\/span><\/p>\n<p><span class=\"sp-nh-title\">F\u00eate de l&rsquo;Achoura: AT assurera un service de permanence de 09h00 \u00e0 13h00<\/span> &#8211; <span class=\"sp-nh-date\">jeudi 27 ao\u00fbt 2020 13:52<\/span><\/p>\n<p>Auteur:<br \/>\n<a href=\"http:\/\/www.aps.dz\/regions\/109088-oran-une-rencontre-sur-l-edition-en-langue-tamazighte\">Cliquez ici pour lire l&rsquo;article depuis sa source.<\/a><\/p>\n","protected":false},"excerpt":{"rendered":"<p>D\u00e9veloppement en Afrique: appel au renforcement des capacit\u00e9s de la BAD &#8211; jeudi 27 ao\u00fbt 2020 18:56 Ligue 1: le pr\u00e9sident du MC Alger sanctionn\u00e9 6 mois par la LFP &#8211; jeudi 27 ao\u00fbt 2020 18:47 Fonds de la Zakat: hausse de la collecte \u00e0 1,57 milliard DA en 2019 &#8211; jeudi 27 ao\u00fbt 2020 [&hellip;]<\/p>\n","protected":false},"author":1790,"featured_media":0,"comment_status":"closed","ping_status":"closed","sticky":false,"template":"","format":"standard","meta":{"fifu_image_url":"","fifu_image_alt":"","footnotes":""},"categories":[53,76],"tags":[],"class_list":["post-97046","post","type-post","status-publish","format-standard","hentry","category-algerie","category-regions"],"_links":{"self":[{"href":"https:\/\/linitiative.ca\/International\/wp-json\/wp\/v2\/posts\/97046","targetHints":{"allow":["GET"]}}],"collection":[{"href":"https:\/\/linitiative.ca\/International\/wp-json\/wp\/v2\/posts"}],"about":[{"href":"https:\/\/linitiative.ca\/International\/wp-json\/wp\/v2\/types\/post"}],"author":[{"embeddable":true,"href":"https:\/\/linitiative.ca\/International\/wp-json\/wp\/v2\/users\/1790"}],"replies":[{"embeddable":true,"href":"https:\/\/linitiative.ca\/International\/wp-json\/wp\/v2\/comments?post=97046"}],"version-history":[{"count":0,"href":"https:\/\/linitiative.ca\/International\/wp-json\/wp\/v2\/posts\/97046\/revisions"}],"wp:attachment":[{"href":"https:\/\/linitiative.ca\/International\/wp-json\/wp\/v2\/media?parent=97046"}],"wp:term":[{"taxonomy":"category","embeddable":true,"href":"https:\/\/linitiative.ca\/International\/wp-json\/wp\/v2\/categories?post=97046"},{"taxonomy":"post_tag","embeddable":true,"href":"https:\/\/linitiative.ca\/International\/wp-json\/wp\/v2\/tags?post=97046"}],"curies":[{"name":"wp","href":"https:\/\/api.w.org\/{rel}","templated":true}]}}