{"id":97070,"date":"2020-08-26T20:00:00","date_gmt":"2020-08-27T00:00:00","guid":{"rendered":"https:\/\/linitiative.ca\/International\/service-public-de-leau-fin-de-fonctions-du-dg-de-seaal-et-26-directeurs-dunites-de-wilayas-de-lade\/"},"modified":"2020-08-26T20:00:00","modified_gmt":"2020-08-27T00:00:00","slug":"service-public-de-leau-fin-de-fonctions-du-dg-de-seaal-et-26-directeurs-dunites-de-wilayas-de-lade","status":"publish","type":"post","link":"https:\/\/linitiative.ca\/International\/service-public-de-leau-fin-de-fonctions-du-dg-de-seaal-et-26-directeurs-dunites-de-wilayas-de-lade\/","title":{"rendered":"Service public de l\u2019eau : Fin de fonctions du DG de Seaal et 26 directeurs d\u2019unit\u00e9s de wilayas de l\u2019ADE"},"content":{"rendered":"<div class=\"TxArtcile\" readability=\"37\">\n<p>\u00abLe ministre des Ressources en eau, Arezki Berraki, a proc\u00e9d\u00e9, mardi dernier, \u00e0 une s\u00e9rie de limogeages \u00e0 la t\u00eate de structures importantes, responsables de la gestion du service public de l\u2019eau\u00bb, a indiqu\u00e9 hier un communiqu\u00e9 du minist\u00e8re. De ce fait, M. Berraki a d\u00e9cid\u00e9 de mettre fin aux fonctions du directeur g\u00e9n\u00e9ral de la Soci\u00e9t\u00e9 des eaux et d\u2019assainissement d\u2019Alger (Seaal), ainsi que plusieurs de ses cadres dirigeants, souligne le minist\u00e8re.<br \/>\u00abLa d\u00e9cision a \u00e9t\u00e9 prise suite \u00e0 une large op\u00e9ration d\u2019inspection et d\u2019\u00e9valuation, notamment apr\u00e8s les perturbations enregistr\u00e9es lors des deux jours de l\u2019A\u00efd El Adha\u00bb, a expliqu\u00e9 la m\u00eame source.<br \/>\u00abSuite \u00e0 un rapport de l\u2019inspection g\u00e9n\u00e9rale du minist\u00e8re des Ressources en eau, qui a men\u00e9 une enqu\u00eate approfondie, il a \u00e9t\u00e9 \u00e9tabli que les perturbations et insuffisances dans les wilayas d\u2019Alger et de Tipasa \u00e9taient dues, dans une large mesure, \u00e0 la mauvaise gestion\u00bb, ajoute le communiqu\u00e9.<br \/>Par ailleurs, 26 directeurs d\u2019unit\u00e9s de wilaya de l\u2019Alg\u00e9rienne des eaux (ADE) ont \u00e9t\u00e9 relev\u00e9s de leurs fonctions, ajoute la m\u00eame source, pr\u00e9cisant que \u00abla d\u00e9cision est intervenue apr\u00e8s un long processus d\u2019\u00e9valuation\u00bb.<br \/>Expliquant que des indicateurs de performances ont \u00e9t\u00e9 d\u00e9finis et communiqu\u00e9s \u00e0 l\u2019ensemble des responsables concern\u00e9s en f\u00e9vrier dernier, le minist\u00e8re a expliqu\u00e9 qu\u2019apr\u00e8s une s\u00e9rie de r\u00e9unions et d\u2019\u00e9valuation men\u00e9es par une commission minist\u00e9rielle, \u00abdes manquements importants\u00bb ont \u00e9t\u00e9 relev\u00e9s dans la gestion du service public de l\u2019eau dans 26 wilayas du pays.<br \/>Ainsi, afin d\u2019insuffler une \u00abnouvelle dynamique\u00bb dans le service public de l\u2019eau, M. Berraki \u00abtient \u00e0 injecter de nouvelles comp\u00e9tences, prioritairement de jeunes universitaires, capables d\u2019assurer un management de haut niveau, en coh\u00e9rence avec la nouvelle strat\u00e9gie du secteur \u00abEau 2030\u00bb.\u00a0 A cet effet, l\u2019ADE a lanc\u00e9 une annonce de recrutement par voie de presse nationale.<\/p>\n<\/div>\n<div class=\"ModliArtilUne\">\n<ul>\n<li><strong>Publi\u00e9 dans :<\/strong><\/li>\n<\/ul>\n<\/div>\n<div class=\"MbComIns\" id=\"newcom\" readability=\"5.6940298507463\">\n<h6>DONNEZ VOTRE AVIS<\/h6>\n<p>Il n&rsquo;y a actuellement aucune r\u00e9action \u00e0 cette information. Soyez le premier \u00e0 r\u00e9agir !<\/p>\n<p><a href=\"\" rel=\"#popup\" class=\"login resetbutton\">Identifiez-vous<\/a><a class=\"button\" href=\"https:\/\/elmoudjahid.com\/fr\/inscription\/\"><span>S&rsquo;inscrire<\/span><\/a><\/p>\n<\/div>\n<p>Auteur: elmoudjahid<br \/>\n<a href=\"http:\/\/www.elmoudjahid.com\/fr\/actualites\/158500\">Cliquez ici pour lire l&rsquo;article depuis sa source.<\/a><\/p>\n","protected":false},"excerpt":{"rendered":"<p>\u00abLe ministre des Ressources en eau, Arezki Berraki, a proc\u00e9d\u00e9, mardi dernier, \u00e0 une s\u00e9rie de limogeages \u00e0 la t\u00eate de structures importantes, responsables de la gestion du service public de l\u2019eau\u00bb, a indiqu\u00e9 hier un communiqu\u00e9 du minist\u00e8re. De ce fait, M. Berraki a d\u00e9cid\u00e9 de mettre fin aux fonctions du directeur g\u00e9n\u00e9ral de [&hellip;]<\/p>\n","protected":false},"author":1744,"featured_media":0,"comment_status":"closed","ping_status":"closed","sticky":false,"template":"","format":"standard","meta":{"fifu_image_url":"","fifu_image_alt":"","footnotes":""},"categories":[73,53],"tags":[],"class_list":["post-97070","post","type-post","status-publish","format-standard","hentry","category-actualite","category-algerie"],"_links":{"self":[{"href":"https:\/\/linitiative.ca\/International\/wp-json\/wp\/v2\/posts\/97070","targetHints":{"allow":["GET"]}}],"collection":[{"href":"https:\/\/linitiative.ca\/International\/wp-json\/wp\/v2\/posts"}],"about":[{"href":"https:\/\/linitiative.ca\/International\/wp-json\/wp\/v2\/types\/post"}],"author":[{"embeddable":true,"href":"https:\/\/linitiative.ca\/International\/wp-json\/wp\/v2\/users\/1744"}],"replies":[{"embeddable":true,"href":"https:\/\/linitiative.ca\/International\/wp-json\/wp\/v2\/comments?post=97070"}],"version-history":[{"count":0,"href":"https:\/\/linitiative.ca\/International\/wp-json\/wp\/v2\/posts\/97070\/revisions"}],"wp:attachment":[{"href":"https:\/\/linitiative.ca\/International\/wp-json\/wp\/v2\/media?parent=97070"}],"wp:term":[{"taxonomy":"category","embeddable":true,"href":"https:\/\/linitiative.ca\/International\/wp-json\/wp\/v2\/categories?post=97070"},{"taxonomy":"post_tag","embeddable":true,"href":"https:\/\/linitiative.ca\/International\/wp-json\/wp\/v2\/tags?post=97070"}],"curies":[{"name":"wp","href":"https:\/\/api.w.org\/{rel}","templated":true}]}}