{"id":97071,"date":"2020-08-26T20:00:00","date_gmt":"2020-08-27T00:00:00","guid":{"rendered":"https:\/\/linitiative.ca\/International\/debit-internet-les-operateurs-rassurent\/"},"modified":"2020-08-26T20:00:00","modified_gmt":"2020-08-27T00:00:00","slug":"debit-internet-les-operateurs-rassurent","status":"publish","type":"post","link":"https:\/\/linitiative.ca\/International\/debit-internet-les-operateurs-rassurent\/","title":{"rendered":"D\u00e9bit Internet : Les op\u00e9rateurs rassurent"},"content":{"rendered":"<div class=\"TxArtcile\" readability=\"42\">\n<p>Les op\u00e9rateurs de t\u00e9l\u00e9phonie mobile en Alg\u00e9rie sont tous unanimes \u00e0 affirmer que la d\u00e9cision du minist\u00e8re de la Poste et des T\u00e9l\u00e9communications relative \u00e0 la lib\u00e9ration de nouvelles fr\u00e9quences internet qui seront mises \u00e0 leur disposition, est \u00abun pas positif\u00bb qui permettra \u00abune am\u00e9lioration palpable du d\u00e9bit Internet dans les semaines \u00e0 venir\u00bb.<br \/>Dans des d\u00e9clarations \u00e0 l\u2019APS, les trois op\u00e9rateurs (Mobilis, Djezzy, Ooredoo) ont estim\u00e9 que l\u2019ouverture par le premier responsable du secteur, Brahim Bouemza, du d\u00e9bat sur leurs diff\u00e9rentes pr\u00e9occupations, d\u00e9notait l\u2019engagement du minist\u00e8re de tutelle \u00e0 assurer un haut d\u00e9bit et \u00e0 am\u00e9liorer la qualit\u00e9 des prestations au profit des citoyens.<br \/>Le PDG de Mobilis, Billal Mekid, a indiqu\u00e9 que la lib\u00e9ration de nouvelles fr\u00e9quences au profit des op\u00e9rateurs de t\u00e9l\u00e9phonie mobile permettrait \u00e0 ces derniers d\u2019am\u00e9liorer le niveau de leurs prestations en un temps record\u00bb, ajoutant que les d\u00e9cisions annonc\u00e9es par le ministre \u00abnous permettront d\u2019augmenter sensiblement la qualit\u00e9 des prestations offertes \u00e0 nos clients et celle de leurs communications\u00bb.<br \/>L\u2019octroi de nouvelles fr\u00e9quences \u00abbandes RPN\u00bb par l\u2019Agence nationale des fr\u00e9quences, dans le cadre d\u2019un cahier des charges bien d\u00e9fini, \u00abpermettra d\u2019accorder un d\u00e9bit plus grand et plus large\u00bb, \u00e0 mettre \u00e0 la disposition des clients.<br \/>De son c\u00f4t\u00e9, le PDG de Djezzy, Matthieu Galvani, s\u2019est f\u00e9licit\u00e9 de la r\u00e9union tenue avec le ministre, et qui a permis \u00abd\u2019aborder avec les op\u00e9rateurs de t\u00e9l\u00e9phonie mobile les voies et les moyens susceptibles de r\u00e9gler le probl\u00e8me du d\u00e9bit internet en Alg\u00e9rie dans le cadre des recommandations de Monsieur le Pr\u00e9sident de la R\u00e9publique \u00e9mises lors du dernier Conseil des ministres\u00bb.<br \/>\u00abNous sommes ravis par la d\u00e9cision minist\u00e9rielle d\u2019allocation de fr\u00e9quences suppl\u00e9mentaires pour les op\u00e9rateurs. Nous sommes aussi venus avec des propositions concr\u00e8tes de solutions orient\u00e9es pour le citoyen afin d\u2019am\u00e9liorer l\u2019acc\u00e8s de tous au service, la qualit\u00e9 de service et l\u2019innovation\u00bb, a poursuivi le PDG de Djezzy.<br \/>Pour sa part, le charg\u00e9 d\u2019affaires de l\u2019op\u00e9rateur \u00abOoredoo\u00bb, Mohamed Tewfik Dhouakh, a qualifi\u00e9 cette d\u00e9cision de \u00abpas tr\u00e8s positif\u00bb, qui permettra \u00e0 son entreprise de pr\u00e9senter ses meilleures offres, ajoutant que \u00abla volont\u00e9 d\u2019am\u00e9liorer les prestations est en elle-m\u00eame louable\u00bb.<br \/>\u00a0\u00abL\u2019allocation de nouvelles fr\u00e9quences permettra d\u2019am\u00e9liorer la qualit\u00e9 des prestations en quelques semaines, un travail profond et durable \u00e0 mener en coordination avec tous les op\u00e9rateurs\u00bb, a-t-il soutenu.<br \/>A rappeler que le ministre de la Poste et des T\u00e9l\u00e9communications, Brahim Boumezar, avait pr\u00e9sid\u00e9, hier mardi, une rencontre avec les responsables des trois op\u00e9rateurs de t\u00e9l\u00e9phonie mobile pour \u00abunifier les efforts et \u0153uvrer \u00e0 am\u00e9liorer les services et le d\u00e9bit internet au profit des citoyens, assurer un haut et tr\u00e8s haut d\u00e9bit, dans le respect du principe d\u2019\u00e9quit\u00e9 dans le traitement avec les diff\u00e9rents op\u00e9rateurs public et priv\u00e9s.\u00a0\u00a0<\/p>\n<\/div>\n<div class=\"ModliArtilUne\">\n<ul>\n<li><strong>Publi\u00e9 dans :<\/strong><\/li>\n<\/ul>\n<\/div>\n<div class=\"MbComIns\" id=\"newcom\" readability=\"5.6940298507463\">\n<h6>DONNEZ VOTRE AVIS<\/h6>\n<p>Il n&rsquo;y a actuellement aucune r\u00e9action \u00e0 cette information. Soyez le premier \u00e0 r\u00e9agir !<\/p>\n<p><a href=\"\" rel=\"#popup\" class=\"login resetbutton\">Identifiez-vous<\/a><a class=\"button\" href=\"https:\/\/elmoudjahid.com\/fr\/inscription\/\"><span>S&rsquo;inscrire<\/span><\/a><\/p>\n<\/div>\n<p>Auteur: elmoudjahid<br \/>\n<a href=\"http:\/\/www.elmoudjahid.com\/fr\/actualites\/158501\">Cliquez ici pour lire l&rsquo;article depuis sa source.<\/a><\/p>\n","protected":false},"excerpt":{"rendered":"<p>Les op\u00e9rateurs de t\u00e9l\u00e9phonie mobile en Alg\u00e9rie sont tous unanimes \u00e0 affirmer que la d\u00e9cision du minist\u00e8re de la Poste et des T\u00e9l\u00e9communications relative \u00e0 la lib\u00e9ration de nouvelles fr\u00e9quences internet qui seront mises \u00e0 leur disposition, est \u00abun pas positif\u00bb qui permettra \u00abune am\u00e9lioration palpable du d\u00e9bit Internet dans les semaines \u00e0 venir\u00bb.Dans des [&hellip;]<\/p>\n","protected":false},"author":1744,"featured_media":0,"comment_status":"closed","ping_status":"closed","sticky":false,"template":"","format":"standard","meta":{"fifu_image_url":"","fifu_image_alt":"","footnotes":""},"categories":[73,53],"tags":[],"class_list":["post-97071","post","type-post","status-publish","format-standard","hentry","category-actualite","category-algerie"],"_links":{"self":[{"href":"https:\/\/linitiative.ca\/International\/wp-json\/wp\/v2\/posts\/97071","targetHints":{"allow":["GET"]}}],"collection":[{"href":"https:\/\/linitiative.ca\/International\/wp-json\/wp\/v2\/posts"}],"about":[{"href":"https:\/\/linitiative.ca\/International\/wp-json\/wp\/v2\/types\/post"}],"author":[{"embeddable":true,"href":"https:\/\/linitiative.ca\/International\/wp-json\/wp\/v2\/users\/1744"}],"replies":[{"embeddable":true,"href":"https:\/\/linitiative.ca\/International\/wp-json\/wp\/v2\/comments?post=97071"}],"version-history":[{"count":0,"href":"https:\/\/linitiative.ca\/International\/wp-json\/wp\/v2\/posts\/97071\/revisions"}],"wp:attachment":[{"href":"https:\/\/linitiative.ca\/International\/wp-json\/wp\/v2\/media?parent=97071"}],"wp:term":[{"taxonomy":"category","embeddable":true,"href":"https:\/\/linitiative.ca\/International\/wp-json\/wp\/v2\/categories?post=97071"},{"taxonomy":"post_tag","embeddable":true,"href":"https:\/\/linitiative.ca\/International\/wp-json\/wp\/v2\/tags?post=97071"}],"curies":[{"name":"wp","href":"https:\/\/api.w.org\/{rel}","templated":true}]}}