{"id":97111,"date":"2020-08-27T17:41:51","date_gmt":"2020-08-27T21:41:51","guid":{"rendered":"https:\/\/linitiative.ca\/International\/modification-du-code-electoral-le-gouvernement-sexplique\/"},"modified":"2020-08-27T17:41:51","modified_gmt":"2020-08-27T21:41:51","slug":"modification-du-code-electoral-le-gouvernement-sexplique","status":"publish","type":"post","link":"https:\/\/linitiative.ca\/International\/modification-du-code-electoral-le-gouvernement-sexplique\/","title":{"rendered":"Modification du Code \u00e9lectoral : Le gouvernement s\u2019explique"},"content":{"rendered":"<div class=\"td-post-featured-image\" readability=\"36\"><a href=\"https:\/\/www.sidwaya.info\/wp-content\/uploads\/2020\/08\/sig.jpg\" data-caption=\"Pour le ministre d&#x2019;Etat, Sim&#xE9;on Sawadogo, la modification du code &#xE9;lectoral vise &#xE0; doter le Burkina d&#x2019;instruments juridiques &#xE0; m&#xEA;me de garantir au processus &#xE9;lectoral plus de transparence et de stabilit&#xE9;.\"><img loading=\"lazy\" decoding=\"async\" width=\"696\" height=\"464\" class=\"entry-thumb td-modal-image\" src=\"https:\/\/www.sidwaya.info\/wp-content\/uploads\/2020\/08\/sig-696x464.jpg\" srcset=\"https:\/\/www.sidwaya.info\/wp-content\/uploads\/2020\/08\/sig-696x464.jpg 696w, https:\/\/www.sidwaya.info\/wp-content\/uploads\/2020\/08\/sig-300x200.jpg 300w, https:\/\/www.sidwaya.info\/wp-content\/uploads\/2020\/08\/sig-768x512.jpg 768w, https:\/\/www.sidwaya.info\/wp-content\/uploads\/2020\/08\/sig-630x420.jpg 630w, https:\/\/www.sidwaya.info\/wp-content\/uploads\/2020\/08\/sig.jpg 787w\" sizes=\"auto, (max-width: 696px) 100vw, 696px\" alt=\"\" title=\"sig\"\/><\/a>Pour le ministre d\u2019Etat, Sim\u00e9on Sawadogo, la modification du code \u00e9lectoral vise \u00e0 doter le Burkina d\u2019instruments juridiques \u00e0 m\u00eame de garantir au processus \u00e9lectoral plus de transparence et de stabilit\u00e9.<\/div>\n<p><strong>Le ministre d\u2019Etat, ministre de l\u2019Administration territoriale, de la D\u00e9centralisation et de la Coh\u00e9sion sociale, Sim\u00e9on Sawadogo, a anim\u00e9 une conf\u00e9rence de presse, le jeudi 27 ao\u00fbt 2020, \u00e0 Ouagadougou, pour \u00e9clairer l\u2019opinion sur les tenants et les aboutissants de la modification du Code \u00e9lectoral.<\/strong><\/p>\n<p>La r\u00e9vision du code \u00e9lectoral par l\u2019Assembl\u00e9e nationale, le mardi 25 ao\u00fbt 2020, continue de cristalliser les d\u00e9bats tant au niveau des acteurs politiques qu\u2019au niveau de l\u2019opinion publique. Pour apporter plus d\u2019\u00e9clairage sur les \u00e9l\u00e9ments de modification du code, le ministre d\u2019Etat, ministre de l\u2019Administration territoriale, de la D\u00e9centralisation et de la Coh\u00e9sion sociale, Sim\u00e9on Sawadogo, a convi\u00e9 les journalistes \u00e0 une conf\u00e9rence de presse, le jeudi 27 ao\u00fbt 2020, \u00e0 Ouagadougou.<\/p>\n<p>\u00ab C\u2019est dans un souci de transparence sur les intentions du gouvernement et des acteurs politiques ayant souhait\u00e9 la modification du code \u00e9lectoral que se tient cette conf\u00e9rence de presse dont l\u2019objectif est d\u2019apporter un \u00e9clairage \u00e0 l\u2019opinion publique \u00bb, a d\u00e9clar\u00e9, d\u2019entr\u00e9e de jeu, Sim\u00e9on Sawadogo. De son point de vue, plusieurs raisons ont milit\u00e9 en faveur de la modification du code \u00e9lectoral qui, du reste, a-t-il estim\u00e9, a requis \u00ab le consensus des acteurs politiques \u00bb.<\/p>\n<div class=\"td-a-rec td-a-rec-id-content_inline tdi_30_225 td_block_template_1\"><img loading=\"lazy\" decoding=\"async\" class=\"aligncenter size-full wp-image-21314\" src=\"https:\/\/www.sidwaya.info\/wp-content\/uploads\/2020\/04\/Bandeau-Covid-19-Sidwaya-1.jpg\" alt=\"\" width=\"790\" height=\"98\"\/><\/div>\n<p>Parmi ces raisons, le ministre en charge de l\u2019administration territoriale a cit\u00e9 la pand\u00e9mie de la COVID-19 qui a perturb\u00e9 le calendrier \u00e9lectoral entra\u00eenant la suspension de la r\u00e9vision du fichier \u00e9lectoral, la suspension des campagnes de d\u00e9livrance de Cartes nationales d\u2019identit\u00e9 burkinab\u00e8 (CNIB) et la situation s\u00e9curitaire d\u00e9gradante dans le pays. Il a ensuite rappel\u00e9 que la r\u00e9vision a concern\u00e9 25 articles et un paragraphe de la loi N\u00b0014-2001\/An du 03 juillet 2001 portant code \u00e9lectoral.<\/p>\n<p>\u00ab Sur les 120 d\u00e9put\u00e9s qui ont vot\u00e9 la loi, 107 ont vot\u00e9 pour, 9 contre et 4 d\u00e9put\u00e9s se sont abstenus \u00bb, a soutenu Sim\u00e9on Sawadogo.<br \/>Quant aux points sur lesquels les modifications ont \u00e9t\u00e9 op\u00e9r\u00e9es, il a fait savoir qu\u2019ils concernent le maintien des d\u00e9membrements actuels de la Commission \u00e9lectorale nationale ind\u00e9pendante (CENI) dans les ambassades et consulats, la prise en compte des cas de force majeure dans le d\u00e9faut d\u2019enr\u00f4lement dans certaines localit\u00e9s, l\u2019harmonisation de la dur\u00e9e de la campagne \u00e9lectorale \u00e0 21 jours, la r\u00e9duction du d\u00e9lai de traitement des requ\u00eates par la CENI de 7 \u00e0 3 heures.<\/p>\n<p>A cela, il a ajout\u00e9 la r\u00e9duction du d\u00e9lai de d\u00e9p\u00f4t des d\u00e9clarations de candidatures aux l\u00e9gislatives de 70 \u00e0 60 jours avant le scrutin, celle du d\u00e9lai de couverture des campagnes d\u00e9guis\u00e9es avant la campagne \u00e9lectorale de 90 \u00e0 30 jours et l\u2019extension des lieux d\u2019affichages li\u00e9es aux \u00e9lections. \u00ab La proposition de prendre en compte le cas de force majeure dans l\u2019organisation et la validation des \u00e9lections permet de r\u00e9soudre la contrainte li\u00e9e \u00e0 la probabilit\u00e9 de ne pas tenir les \u00e9lections sur une partie du territoire \u00bb, a-t-il justifi\u00e9, ajoutant que la modification du code \u00e9lectoral influe, subs\u00e9quemment, sur le calendrier \u00e9lectoral.<\/p>\n<p>Ainsi, a-t-il pr\u00e9cis\u00e9, le d\u00e9lai de d\u00e9p\u00f4t des candidatures pour les l\u00e9gis-latives, qui avait \u00e9t\u00e9 fix\u00e9 par la CENI au 13 septembre 2020, devra \u00eatre repouss\u00e9 au 23 septembre.<br \/>A ceux qui ont estim\u00e9 que les concertations qui ont abouti \u00e0 la modification du code \u00e9lectoral devraient aller au-del\u00e0 de la majorit\u00e9 pr\u00e9sidentielle et du Chef de file de l\u2019opposition politique (CFOP), Sim\u00e9on Sawadogo, a invoqu\u00e9 la Constitution qui, selon lui, tranche sans ambages la question.<\/p>\n<p class=\"c1\">\u00ab L\u2019article 14 de la Constitution dit clairement que le Chef de file de l\u2019Opposition est le porte-parole attitr\u00e9 de toute l\u2019opposition. A ce titre, il repr\u00e9sente toute l\u2019opposition et avec la majorit\u00e9, ils sont assez repr\u00e9sentatifs pour qu\u2019on parle de consensus \u00bb, a-t-il martel\u00e9. Par ailleurs, il a fait savoir que ceux qui contestent, peuvent saisir les juridictions comp\u00e9tentes. Le ministre Sawadogo a exprim\u00e9 sa reconnaissance au Parlement pour avoir dot\u00e9 le Burkina Faso, d\u2019instruments juridiques capables de garantir la transparence dans le processus \u00e9lectoral nonobstant le contexte difficile qu\u2019il traverse.<\/p>\n<p class=\"c2\"><strong>Souma\u00efla BONKOUNGOU<\/strong><\/p>\n<div class=\"td-a-rec td-a-rec-id-content_bottom tdi_31_8c5 td_block_template_1\"><img loading=\"lazy\" decoding=\"async\" class=\"aligncenter size-full wp-image-22415\" src=\"https:\/\/www.sidwaya.info\/wp-content\/uploads\/2020\/05\/Bandeau-paiement-mobile-site.png\" alt=\"\" width=\"728\" height=\"90\"\/><\/div>\n<p>Auteur: JK. Sidwaya<br \/>\n<a href=\"https:\/\/www.sidwaya.info\/blog\/2020\/08\/27\/modification-du-code-electoral-le-gouvernement-sexplique\/\">Cliquez ici pour lire l&rsquo;article depuis sa source.<\/a><\/p>\n","protected":false},"excerpt":{"rendered":"<p>Pour le ministre d\u2019Etat, Sim\u00e9on Sawadogo, la modification du code \u00e9lectoral vise \u00e0 doter le Burkina d\u2019instruments juridiques \u00e0 m\u00eame de garantir au processus \u00e9lectoral plus de transparence et de stabilit\u00e9. Le ministre d\u2019Etat, ministre de l\u2019Administration territoriale, de la D\u00e9centralisation et de la Coh\u00e9sion sociale, Sim\u00e9on Sawadogo, a anim\u00e9 une conf\u00e9rence de presse, le [&hellip;]<\/p>\n","protected":false},"author":1816,"featured_media":97112,"comment_status":"closed","ping_status":"closed","sticky":false,"template":"","format":"standard","meta":{"fifu_image_url":"","fifu_image_alt":"","footnotes":""},"categories":[73,81],"tags":[],"class_list":["post-97111","post","type-post","status-publish","format-standard","has-post-thumbnail","hentry","category-actualite","category-burkina-faso"],"_links":{"self":[{"href":"https:\/\/linitiative.ca\/International\/wp-json\/wp\/v2\/posts\/97111","targetHints":{"allow":["GET"]}}],"collection":[{"href":"https:\/\/linitiative.ca\/International\/wp-json\/wp\/v2\/posts"}],"about":[{"href":"https:\/\/linitiative.ca\/International\/wp-json\/wp\/v2\/types\/post"}],"author":[{"embeddable":true,"href":"https:\/\/linitiative.ca\/International\/wp-json\/wp\/v2\/users\/1816"}],"replies":[{"embeddable":true,"href":"https:\/\/linitiative.ca\/International\/wp-json\/wp\/v2\/comments?post=97111"}],"version-history":[{"count":0,"href":"https:\/\/linitiative.ca\/International\/wp-json\/wp\/v2\/posts\/97111\/revisions"}],"wp:featuredmedia":[{"embeddable":true,"href":"https:\/\/linitiative.ca\/International\/wp-json\/"}],"wp:attachment":[{"href":"https:\/\/linitiative.ca\/International\/wp-json\/wp\/v2\/media?parent=97111"}],"wp:term":[{"taxonomy":"category","embeddable":true,"href":"https:\/\/linitiative.ca\/International\/wp-json\/wp\/v2\/categories?post=97111"},{"taxonomy":"post_tag","embeddable":true,"href":"https:\/\/linitiative.ca\/International\/wp-json\/wp\/v2\/tags?post=97111"}],"curies":[{"name":"wp","href":"https:\/\/api.w.org\/{rel}","templated":true}]}}