{"id":97127,"date":"2020-08-27T15:29:48","date_gmt":"2020-08-27T19:29:48","guid":{"rendered":"https:\/\/linitiative.ca\/International\/salon-international-des-metiers-et-de-lemploi-ce-sera-du-9-au-11-septembre\/"},"modified":"2020-08-27T15:29:48","modified_gmt":"2020-08-27T19:29:48","slug":"salon-international-des-metiers-et-de-lemploi-ce-sera-du-9-au-11-septembre","status":"publish","type":"post","link":"https:\/\/linitiative.ca\/International\/salon-international-des-metiers-et-de-lemploi-ce-sera-du-9-au-11-septembre\/","title":{"rendered":"Salon international des m\u00e9tiers et de l\u2019emploi : ce sera du 9 au 11 septembre"},"content":{"rendered":"<div class=\"featured-area featured-area-inner\" readability=\"7\"><img loading=\"lazy\" decoding=\"async\" width=\"1024\" height=\"683\" src=\"https:\/\/ecomatin.net\/wp-content\/uploads\/2020\/08\/SIME13.jpg\" class=\"attachment-full size-full wp-post-image\" alt=\"\" srcset=\"https:\/\/ecomatin.net\/wp-content\/uploads\/2020\/08\/SIME13.jpg 1024w, https:\/\/ecomatin.net\/wp-content\/uploads\/2020\/08\/SIME13-300x200.jpg 300w, https:\/\/ecomatin.net\/wp-content\/uploads\/2020\/08\/SIME13-768x512.jpg 768w, https:\/\/ecomatin.net\/wp-content\/uploads\/2020\/08\/SIME13-600x400.jpg 600w\" sizes=\"auto, (max-width: 1024px) 100vw, 1024px\" data-attachment-id=\"18109\" data-permalink=\"https:\/\/ecomatin.net\/salon-international-des-metiers-et-de-lemploi-ce-sera-du-9-au-11-septembre\/sime13\/\" data-orig-file=\"https:\/\/ecomatin.net\/wp-content\/uploads\/2020\/08\/SIME13.jpg\" data-orig-size=\"1024,683\" data-comments-opened=\"0\" data-image-meta=\"{&quot;aperture&quot;:&quot;7.1&quot;,&quot;credit&quot;:&quot;&quot;,&quot;camera&quot;:&quot;NIKON D800&quot;,&quot;caption&quot;:&quot;????????????????????????????????????&quot;,&quot;created_timestamp&quot;:&quot;1336204497&quot;,&quot;copyright&quot;:&quot;&quot;,&quot;focal_length&quot;:&quot;18&quot;,&quot;iso&quot;:&quot;5000&quot;,&quot;shutter_speed&quot;:&quot;0.003125&quot;,&quot;title&quot;:&quot;&quot;,&quot;orientation&quot;:&quot;1&quot;}\" data-image-title=\"SIME13\" data-image-description=\"\" data-medium-file=\"https:\/\/ecomatin.net\/wp-content\/uploads\/2020\/08\/SIME13-300x200.jpg\" data-large-file=\"https:\/\/ecomatin.net\/wp-content\/uploads\/2020\/08\/SIME13.jpg\"\/> stand d&rsquo;accueil de la 7e \u00e9dition du Sime \u00e0 Douala<\/div>\n<div class=\"entry-content entry clearfix\" readability=\"35.39544688027\">\n<p>Du 9 au 11 septembre prochain, la ville de Yaound\u00e9 abritera la 9<sup>e<\/sup>\u00a0\u00e9dition du Salon international des m\u00e9tiers et de l\u2019emploi (Sime). Cette derni\u00e8re qui \u00e9tait initialement pr\u00e9vue pour le mois de mars, sera plac\u00e9e sous le th\u00e8me\u00a0:\u00a0\u00ab\u00a0relancer les opportunit\u00e9s d\u2019emploi au Cameroun, dans un contexte post Covid-19\u00a0: les leviers \u00e0 actionner \u00bb. Dans un entretien accord\u00e9 \u00e0 la presse le 25 ao\u00fbt, Debora Tonye Mvaebeme, commissaire du Sime, indique que cette \u00e9dition mettra en exergue trois secteurs d\u2019activit\u00e9s que sont\u00a0: l\u2019agropastoral, l\u2019industrie de la transformation et le secteur digital.<\/p>\n<p><strong>Lire aussi<\/strong> : <a href=\"https:\/\/ecomatin.net\/le-pad-soutient-la-formation-professionnelle-des-jeunes\/\">Le PAD soutient la formation professionnelle des jeunes<\/a><\/p>\n<p>Les objectifs de cette 9<sup>e<\/sup>\u00a0\u00e9dition qui intervient en contexte de crise saniataire, sont entre autres d\u2019identifier les m\u00e9tiers affect\u00e9s par la crise du Coronavirus, les secteurs de m\u00e9tiers dit \u00ab\u00a0essentiels\u00a0\u00bb et \u00e9laborer des propositions d\u2019ajustements dans le cadre juridique et strat\u00e9gique en mati\u00e8re d\u2019emploi. \u00ab\u00a0On mettra en lumi\u00e8re les m\u00e9tiers r\u00e9v\u00e9l\u00e9s et l\u2019urgence d\u2019une adaptation des curricula\u00a0\u00bb, comme le confie Debora Tonye Mvaebeme.<\/p>\n<p><strong>Lire aussi<\/strong> : <a href=\"https:\/\/ecomatin.net\/mploi-et-formation-professionnelle-la-scb-rassure-issa-tchiroma-bakary-le-ministre-de-lemploi-et-de-la-formation-professionnelle-a-effectue-ce-3-juillet-2019-sous-la-conduite-de-mohammed-mejbar\/\">Emploi et formation professionnelle\u00a0: la Sabc rassure Issa Tchiroma Bakary<\/a><\/p>\n<p>Le salon qui r\u00e9unira entre autres des professionnels de l\u2019emploi et des m\u00e9tiers, des jeunes chefs d\u2019entreprise, se tiendra d\u2019une part en pr\u00e9sentiel sur des sites tels que la chambre de Commerce et le Centre international de l\u2019artisanat de Yaound\u00e9 o\u00f9 auront lieu des expositions et d\u2019autre part de fa\u00e7on virtuel gr\u00e2ce \u00e0 des webinaires. Notons que la pr\u00e9c\u00e9dente \u00e9dition du Sime s\u2019\u00e9tait tenue du 13 au 15 mars 2019, sous le th\u00e8me\u00a0: \u00ab\u00a0emplois portuaires, une mar\u00e9e d\u2019opportunit\u00e9s\u00a0\u00bb.<\/p>\n<div class=\"awac-wrapper awac widget posts-list-widget-11\">\n<h4 class=\"widget-title\">Le plus r\u00e9cent<\/h4>\n<\/div>\n<\/div>\n<p>Auteur: Eco Matin<br \/>\n<a href=\"https:\/\/ecomatin.net\/salon-international-des-metiers-et-de-lemploi-ce-sera-du-9-au-11-septembre\/\">Cliquez ici pour lire l&rsquo;article depuis sa source.<\/a><\/p>\n","protected":false},"excerpt":{"rendered":"<p>stand d&rsquo;accueil de la 7e \u00e9dition du Sime \u00e0 Douala Du 9 au 11 septembre prochain, la ville de Yaound\u00e9 abritera la 9e\u00a0\u00e9dition du Salon international des m\u00e9tiers et de l\u2019emploi (Sime). Cette derni\u00e8re qui \u00e9tait initialement pr\u00e9vue pour le mois de mars, sera plac\u00e9e sous le th\u00e8me\u00a0:\u00a0\u00ab\u00a0relancer les opportunit\u00e9s d\u2019emploi au Cameroun, dans un [&hellip;]<\/p>\n","protected":false},"author":1969,"featured_media":97128,"comment_status":"closed","ping_status":"closed","sticky":false,"template":"","format":"standard","meta":{"fifu_image_url":"","fifu_image_alt":"","footnotes":""},"categories":[82,78],"tags":[],"class_list":["post-97127","post","type-post","status-publish","format-standard","has-post-thumbnail","hentry","category-cameroun","category-economie"],"_links":{"self":[{"href":"https:\/\/linitiative.ca\/International\/wp-json\/wp\/v2\/posts\/97127","targetHints":{"allow":["GET"]}}],"collection":[{"href":"https:\/\/linitiative.ca\/International\/wp-json\/wp\/v2\/posts"}],"about":[{"href":"https:\/\/linitiative.ca\/International\/wp-json\/wp\/v2\/types\/post"}],"author":[{"embeddable":true,"href":"https:\/\/linitiative.ca\/International\/wp-json\/wp\/v2\/users\/1969"}],"replies":[{"embeddable":true,"href":"https:\/\/linitiative.ca\/International\/wp-json\/wp\/v2\/comments?post=97127"}],"version-history":[{"count":0,"href":"https:\/\/linitiative.ca\/International\/wp-json\/wp\/v2\/posts\/97127\/revisions"}],"wp:featuredmedia":[{"embeddable":true,"href":"https:\/\/linitiative.ca\/International\/wp-json\/"}],"wp:attachment":[{"href":"https:\/\/linitiative.ca\/International\/wp-json\/wp\/v2\/media?parent=97127"}],"wp:term":[{"taxonomy":"category","embeddable":true,"href":"https:\/\/linitiative.ca\/International\/wp-json\/wp\/v2\/categories?post=97127"},{"taxonomy":"post_tag","embeddable":true,"href":"https:\/\/linitiative.ca\/International\/wp-json\/wp\/v2\/tags?post=97127"}],"curies":[{"name":"wp","href":"https:\/\/api.w.org\/{rel}","templated":true}]}}