{"id":97255,"date":"2020-08-29T12:00:00","date_gmt":"2020-08-29T16:00:00","guid":{"rendered":"https:\/\/linitiative.ca\/International\/luis-suarez-propose-a-la-juve\/"},"modified":"2020-08-29T12:00:00","modified_gmt":"2020-08-29T16:00:00","slug":"luis-suarez-propose-a-la-juve","status":"publish","type":"post","link":"https:\/\/linitiative.ca\/International\/luis-suarez-propose-a-la-juve\/","title":{"rendered":"Luis Suarez propos\u00e9 \u00e0 la Juve"},"content":{"rendered":"<p class=\"p1 c3\"><span class=\"c2\">L\u2019Uruguayen est consid\u00e9r\u00e9 comme une v\u00e9ritable option par le g\u00e9ant de la Serie A alors qu\u2019ils semblent d\u00e9sireux de renforcer leur attaque.<\/span><\/p>\n<p class=\"p1 c3\"><span class=\"c2\">Luiz Suarez pourrait jouer pour la\u00a0Juventus\u00a0la saison prochaine \u00e9tant donn\u00e9 que l&rsquo;\u00e9quipe d&rsquo;Andrea Pirlo envisageant un transfert pour l\u2019attaquant devenu un\u00a0paria au\u00a0FC Barcelone.\u00a0Goal\u00a0peut confirmer que Suarez a \u00e9t\u00e9 propos\u00e9\u00a0au\u00a0champion d\u2019Italie\u00a0en titre\u00a0apr\u00e8s avoir apparemment \u00e9t\u00e9 pouss\u00e9 vers la porte de sortie au Camp Nou.\u00a0La Juventus est \u00e0 la recherche d\u2019un autre attaquant avec le nouvel entra\u00eeneur,\u00a0Pirlo,\u00a0confirmant r\u00e9cemment le d\u00e9part de Gonzalo Higuain.<\/span><\/p>\n<p class=\"p1 c3\"><span class=\"c2\">Suarez, maintenant \u00e2g\u00e9 de 33 ans, n\u2019a jamais jou\u00e9 en\u00a0Serie A\u00a0auparavant et a d\u00e9m\u00e9nag\u00e9 de\u00a0Liverpool\u00a0\u00e0 Barcelone en 2014 apr\u00e8s avoir fait tourner les t\u00eates des meilleurs clubs europ\u00e9ens\u00a0en jouant en\u00a0Eredivisie\u00a0pour<span class=\"Apple-converted-space\">\u00a0<\/span> l&rsquo;AjaxAmsterdam.\u00a0Suite \u00e0 la nomination de Ronald Koeman en tant que nouveau manager des Catalans, Suarez a \u00e9t\u00e9 exclu de la liste des noms du N\u00e9erlandais qui \u00e9taient consid\u00e9r\u00e9s comme essentiels pour l\u2019avenir du club, l\u2019attaquant souhaitant\u00a0rapidement avoir les choses au clair de la part du pr\u00e9sident du club Josep Maria Bartomeu concernant son avenir.<\/span><\/p>\n<p class=\"p1 c3\"><span class=\"c2\">Suarez attend un signe du Bar\u00e7a<\/span><\/p>\n<p class=\"p1 c3\"><span class=\"c2\">\u00abOn parle de certains noms que le pr\u00e9sident a donn\u00e9s, de changements qui peuvent \u00eatre apport\u00e9s, mais personne ne m\u2019a dit qu\u2019ils voulaient se passer de moi\u00bb, a d\u00e9clar\u00e9 Suarez dans une interview \u00e0 El Pais.\u00a0\u00abSi tel est le souhait du club, ce serait bien que le responsable me parle directement. Je suis au Bar\u00e7a depuis six ans, assez de temps pour dire ce qu\u2019ils en pensent. Il vaut mieux me dire si je fais partie de ceux qu\u2019ils veulent. Cela reste \u00e0 voir\u00bb.<\/span><\/p>\n<p class=\"p1 c3\"><span class=\"c2\">\u00abJe veux aussi le meilleur pour le club et mon plan aujourd\u2019hui est de continuer, mais si le club pense que je suis rempla\u00e7able, je n\u2019ai aucun probl\u00e8me \u00e0 parler avec ceux qui d\u00e9cident.\u00a0Je veux rester, tant qu\u2019on compte sur moi, je veux continuer \u00e0 contribuer autant que je peux. J\u2019ai ressenti le soutien des fans depuis mon arriv\u00e9e et cela me donne aussi beaucoup de force pour continuer\u00bb, a ajout\u00e9 l\u2019attaquant uruguayen.<\/span><\/p>\n<p class=\"p1 c3\"><span class=\"c2\">Lionel Messi a r\u00e9cemment r\u00e9v\u00e9l\u00e9\u00a0son d\u00e9sir de quitter Barcelone, Suarez pourrait se retrouver aux c\u00f4t\u00e9s de Cristiano Ronaldo la saison prochaine si l\u2019international uruguayen finalise un transfert \u00e0 la Juventus.\u00a0Les Bianconeri sont sur le point d\u2019enqu\u00eater plus en profondeur sur une \u00e9ventuelle d\u00e9cision de Suarez dans les prochains jours avec des signes initiaux sugg\u00e9rant que l\u2019\u00e9quipe de\u00a0Serie A\u00a0est ouverte \u00e0 un transfert.\u00a0Alors que les sp\u00e9culations tourbillonnent sur l&rsquo;avenir de Suarez, l&rsquo;attaquant est sorti et a d\u00e9clar\u00e9 qu&rsquo;il parlerait pour lui-m\u00eame lorsque le moment sera venu de clarifier ce qui l&rsquo;attend.<\/span><\/p>\n<p>Auteur: letemps1<br \/>\n<a href=\"http:\/\/www.letemps.com.tn\/article\/116745\/luis-suarez-propos%C3%A9-%C3%A0-la-juve\">Cliquez ici pour lire l&rsquo;article depuis sa source.<\/a><\/p>\n","protected":false},"excerpt":{"rendered":"<p>L\u2019Uruguayen est consid\u00e9r\u00e9 comme une v\u00e9ritable option par le g\u00e9ant de la Serie A alors qu\u2019ils semblent d\u00e9sireux de renforcer leur attaque. Luiz Suarez pourrait jouer pour la\u00a0Juventus\u00a0la saison prochaine \u00e9tant donn\u00e9 que l&rsquo;\u00e9quipe d&rsquo;Andrea Pirlo envisageant un transfert pour l\u2019attaquant devenu un\u00a0paria au\u00a0FC Barcelone.\u00a0Goal\u00a0peut confirmer que Suarez a \u00e9t\u00e9 propos\u00e9\u00a0au\u00a0champion d\u2019Italie\u00a0en titre\u00a0apr\u00e8s avoir apparemment [&hellip;]<\/p>\n","protected":false},"author":1773,"featured_media":0,"comment_status":"closed","ping_status":"closed","sticky":false,"template":"","format":"standard","meta":{"fifu_image_url":"","fifu_image_alt":"","footnotes":""},"categories":[73,55],"tags":[],"class_list":["post-97255","post","type-post","status-publish","format-standard","hentry","category-actualite","category-tunisie"],"_links":{"self":[{"href":"https:\/\/linitiative.ca\/International\/wp-json\/wp\/v2\/posts\/97255","targetHints":{"allow":["GET"]}}],"collection":[{"href":"https:\/\/linitiative.ca\/International\/wp-json\/wp\/v2\/posts"}],"about":[{"href":"https:\/\/linitiative.ca\/International\/wp-json\/wp\/v2\/types\/post"}],"author":[{"embeddable":true,"href":"https:\/\/linitiative.ca\/International\/wp-json\/wp\/v2\/users\/1773"}],"replies":[{"embeddable":true,"href":"https:\/\/linitiative.ca\/International\/wp-json\/wp\/v2\/comments?post=97255"}],"version-history":[{"count":0,"href":"https:\/\/linitiative.ca\/International\/wp-json\/wp\/v2\/posts\/97255\/revisions"}],"wp:attachment":[{"href":"https:\/\/linitiative.ca\/International\/wp-json\/wp\/v2\/media?parent=97255"}],"wp:term":[{"taxonomy":"category","embeddable":true,"href":"https:\/\/linitiative.ca\/International\/wp-json\/wp\/v2\/categories?post=97255"},{"taxonomy":"post_tag","embeddable":true,"href":"https:\/\/linitiative.ca\/International\/wp-json\/wp\/v2\/tags?post=97255"}],"curies":[{"name":"wp","href":"https:\/\/api.w.org\/{rel}","templated":true}]}}