{"id":97827,"date":"2020-09-04T13:03:19","date_gmt":"2020-09-04T17:03:19","guid":{"rendered":"https:\/\/linitiative.ca\/International\/bejaia-tizi-ouzou-appels-a-des-projets-de-theatre-pour-adultes-et-enfants\/"},"modified":"2020-09-04T13:03:19","modified_gmt":"2020-09-04T17:03:19","slug":"bejaia-tizi-ouzou-appels-a-des-projets-de-theatre-pour-adultes-et-enfants","status":"publish","type":"post","link":"https:\/\/linitiative.ca\/International\/bejaia-tizi-ouzou-appels-a-des-projets-de-theatre-pour-adultes-et-enfants\/","title":{"rendered":"B\u00e9ja\u00efa\/Tizi-Ouzou: appels \u00e0 des projets de th\u00e9\u00e2tre pour adultes et enfants"},"content":{"rendered":"<p><span class=\"sp-nh-title\">Covid-19: 304 nouveaux cas, 253 gu\u00e9risons et 8 d\u00e9c\u00e8s<\/span> &#8211; <span class=\"sp-nh-date\">vendredi 4 septembre 2020 17:24<\/span><\/p>\n<p><span class=\"sp-nh-title\">Un projet de fusion entre l\u2019Alg\u00e9rienne des eaux et l\u2019ONA<\/span> &#8211; <span class=\"sp-nh-date\">vendredi 4 septembre 2020 16:42<\/span><\/p>\n<p><span class=\"sp-nh-title\">TAJ adh\u00e8re au processus d&rsquo;instauration des fondements de l&rsquo;Alg\u00e9rie nouvelle<\/span> &#8211; <span class=\"sp-nh-date\">vendredi 4 septembre 2020 16:41<\/span><\/p>\n<p><span class=\"sp-nh-title\">AG \u00e9lective du COA: Sid Ali Lebib et Mustapha Kerboua derniers candidats \u00e0 la pr\u00e9sidence<\/span> &#8211; <span class=\"sp-nh-date\">vendredi 4 septembre 2020 16:39<\/span><\/p>\n<p><span class=\"sp-nh-title\">AG \u00e9lective du COA: 4 candidats en lice, la candidature de Bernaoui rejet\u00e9e<\/span> &#8211; <span class=\"sp-nh-date\">vendredi 4 septembre 2020 16:24<\/span><\/p>\n<p><span class=\"sp-nh-title\">Adrar: installation des deux walis d\u00e9l\u00e9gu\u00e9s des circonscriptions administratives de Bordj Badji Mokhtar et Timimoune<\/span> &#8211; <span class=\"sp-nh-date\">vendredi 4 septembre 2020 16:21<\/span><\/p>\n<p><span class=\"sp-nh-title\">Port de Skikda: des produits stock\u00e9s d\u00e9plac\u00e9s vers un lieu s\u00e9curis\u00e9<\/span> &#8211; <span class=\"sp-nh-date\">vendredi 4 septembre 2020 16:01<\/span><\/p>\n<p><span class=\"sp-nh-title\">Le film Ibrahim de Samir Guesmi distingu\u00e9 au Festival d&rsquo;Angoul\u00eame<\/span> &#8211; <span class=\"sp-nh-date\">vendredi 4 septembre 2020 15:55<\/span><\/p>\n<p><span class=\"sp-nh-title\">B\u00e9ja\u00efa\/Tizi-Ouzou: appels \u00e0 des projets de th\u00e9\u00e2tre pour adultes et enfants<\/span> &#8211; <span class=\"sp-nh-date\">vendredi 4 septembre 2020 15:51<\/span><\/p>\n<p><span class=\"sp-nh-title\">Douanes: nomination de 6 chefs d&rsquo;inspection divisionnaire et de 14 chefs de service de contr\u00f4le \u00e0 post\u00e9riori<\/span> &#8211; <span class=\"sp-nh-date\">jeudi 3 septembre 2020 22:43<\/span><\/p>\n<p><span class=\"sp-nh-title\">La strat\u00e9gie nationale de lutte contre les inondations est en cours d&rsquo;actualisation<\/span> &#8211; <span class=\"sp-nh-date\">jeudi 3 septembre 2020 19:52<\/span><\/p>\n<p><span class=\"sp-nh-title\">Le CNDH appelle \u00e0 faire preuve de professionnalisme dans l&rsquo;exercice des libert\u00e9s d&rsquo;expression<\/span> &#8211; <span class=\"sp-nh-date\">jeudi 3 septembre 2020 19:28<\/span><\/p>\n<p><span class=\"sp-nh-title\">Kamel Eddine Kerbouche prend ses nouvelles fonctions de wali de Guelma<\/span> &#8211; <span class=\"sp-nh-date\">jeudi 3 septembre 2020 19:27<\/span><\/p>\n<p><span class=\"sp-nh-title\">COVID-19: 30.863 Alg\u00e9riens rapatri\u00e9s depuis mars dernier<\/span> &#8211; <span class=\"sp-nh-date\">jeudi 3 septembre 2020 19:21<\/span><\/p>\n<p><span class=\"sp-nh-title\">R\u00e9union du gouvernement: Plusieurs secteurs au menu<\/span> &#8211; <span class=\"sp-nh-date\">jeudi 3 septembre 2020 19:18<\/span><\/p>\n<p><span class=\"sp-nh-title\">Le Comit\u00e9 scientifique de suivi du Coronavirus adopte un protocole pour le r\u00e9f\u00e9rendum<\/span> &#8211; <span class=\"sp-nh-date\">jeudi 3 septembre 2020 19:13<\/span><\/p>\n<p><span class=\"sp-nh-title\">Plus de 3800 d\u00e9tenus candidats aux \u00e9preuves du BEM, session septembre 2020<\/span> &#8211; <span class=\"sp-nh-date\">jeudi 3 septembre 2020 18:29<\/span><\/p>\n<p><span class=\"sp-nh-title\">Amendement de la Constitution: la position du Mouvement El-Bina sera dans l&rsquo;int\u00e9r\u00eat de l&rsquo;Alg\u00e9rie et de son peuple<\/span> &#8211; <span class=\"sp-nh-date\">jeudi 3 septembre 2020 18:27<\/span><\/p>\n<p><span class=\"sp-nh-title\">D\u00e9c\u00e8s d&rsquo;un fonctionnaire au consulat d&rsquo;Alg\u00e9rie \u00e0 Agadez au Niger<\/span> &#8211; <span class=\"sp-nh-date\">jeudi 3 septembre 2020 18:15<\/span><\/p>\n<p><span class=\"sp-nh-title\">Tahya Cin\u00e9ma , une plateforme pour faciliter la production et le financement de films<\/span> &#8211; <span class=\"sp-nh-date\">jeudi 3 septembre 2020 18:11<\/span><\/p>\n<p>Auteur:<br \/>\n<a href=\"http:\/\/www.aps.dz\/culture\/109322-bejaia-tizi-ouzou-appels-a-des-projets-de-theatre-pour-adultes-et-enfants\">Cliquez ici pour lire l&rsquo;article depuis sa source.<\/a><\/p>\n","protected":false},"excerpt":{"rendered":"<p>Covid-19: 304 nouveaux cas, 253 gu\u00e9risons et 8 d\u00e9c\u00e8s &#8211; vendredi 4 septembre 2020 17:24 Un projet de fusion entre l\u2019Alg\u00e9rienne des eaux et l\u2019ONA &#8211; vendredi 4 septembre 2020 16:42 TAJ adh\u00e8re au processus d&rsquo;instauration des fondements de l&rsquo;Alg\u00e9rie nouvelle &#8211; vendredi 4 septembre 2020 16:41 AG \u00e9lective du COA: Sid Ali Lebib et [&hellip;]<\/p>\n","protected":false},"author":1790,"featured_media":0,"comment_status":"closed","ping_status":"closed","sticky":false,"template":"","format":"standard","meta":{"fifu_image_url":"","fifu_image_alt":"","footnotes":""},"categories":[53,79],"tags":[],"class_list":["post-97827","post","type-post","status-publish","format-standard","hentry","category-algerie","category-culture"],"_links":{"self":[{"href":"https:\/\/linitiative.ca\/International\/wp-json\/wp\/v2\/posts\/97827","targetHints":{"allow":["GET"]}}],"collection":[{"href":"https:\/\/linitiative.ca\/International\/wp-json\/wp\/v2\/posts"}],"about":[{"href":"https:\/\/linitiative.ca\/International\/wp-json\/wp\/v2\/types\/post"}],"author":[{"embeddable":true,"href":"https:\/\/linitiative.ca\/International\/wp-json\/wp\/v2\/users\/1790"}],"replies":[{"embeddable":true,"href":"https:\/\/linitiative.ca\/International\/wp-json\/wp\/v2\/comments?post=97827"}],"version-history":[{"count":0,"href":"https:\/\/linitiative.ca\/International\/wp-json\/wp\/v2\/posts\/97827\/revisions"}],"wp:attachment":[{"href":"https:\/\/linitiative.ca\/International\/wp-json\/wp\/v2\/media?parent=97827"}],"wp:term":[{"taxonomy":"category","embeddable":true,"href":"https:\/\/linitiative.ca\/International\/wp-json\/wp\/v2\/categories?post=97827"},{"taxonomy":"post_tag","embeddable":true,"href":"https:\/\/linitiative.ca\/International\/wp-json\/wp\/v2\/tags?post=97827"}],"curies":[{"name":"wp","href":"https:\/\/api.w.org\/{rel}","templated":true}]}}