{"id":97828,"date":"2020-09-04T13:03:21","date_gmt":"2020-09-04T17:03:21","guid":{"rendered":"https:\/\/linitiative.ca\/International\/le-film-ibrahim-de-samir-guesmi-distingue-au-festival-dangouleme\/"},"modified":"2020-09-04T13:03:21","modified_gmt":"2020-09-04T17:03:21","slug":"le-film-ibrahim-de-samir-guesmi-distingue-au-festival-dangouleme","status":"publish","type":"post","link":"https:\/\/linitiative.ca\/International\/le-film-ibrahim-de-samir-guesmi-distingue-au-festival-dangouleme\/","title":{"rendered":"Le film \u00ab\u00a0Ibrahim\u00a0\u00bb de Samir Guesmi distingu\u00e9 au Festival d&rsquo;Angoul\u00eame"},"content":{"rendered":"<div readability=\"37\">\n<p><strong>ALGER &#8211; Le long m\u00e9trage \u00ab\u00a0Ibrahim\u00a0\u00bb du cin\u00e9aste franco-alg\u00e9rien Samir Guesmi a rafl\u00e9 mercredi quatre troph\u00e9es dont le Valois de Diamant, plus haute distinction du Festival du film francophone d&rsquo;Angoul\u00eame (FFA) qui s&rsquo;est tenu pour sa 13e \u00e9dition du 28 ao\u00fbt au 2 septembre, rapportent les organisateurs sur le site Internet de l&rsquo;\u00e9v\u00e8nement.<\/strong><\/p>\n<\/div>\n<div readability=\"104.58463216958\">\n<p>Sorti en 2020 chez \u00ab\u00a0Why Not Productions\u00a0\u00bb, \u00ab\u00a0Ibrahim\u00a0\u00bb, premier long m\u00e9trage de Samir Guesmi, a \u00e9galement d\u00e9croch\u00e9 le Valois des meilleures mise en sc\u00e8ne et musique, ainsi que celui du meilleur sc\u00e9nario, devant entre autres films, \u00ab\u00a0Un triomphe\u00a0\u00bb (France) d&rsquo;Emmanuel Courcol qui a obtenu le Valois du public et \u00ab\u00a0Slalom\u00a0\u00bb (France-Belgique) r\u00e9compens\u00e9 du Valois Magelis des \u00e9tudiants francophones, dans une \u00e9dition qui a inscrit \u00e0 son programme une soixantaine de films dont dix en comp\u00e9tition.<\/p>\n<blockquote readability=\"18\">\n<p><em><strong>Le film, qui devrait sortir dans les salles le 9 d\u00e9cembre prochain, suit en 80 mn, la vie du jeune Ibrahim, partag\u00e9 entre son p\u00e8re Ahmed, \u00e9caill\u00e9 \u00e0 la brasserie du Royal Op\u00e9ra, s\u00e9rieux et r\u00e9serv\u00e9, et son ami du lyc\u00e9e technique, Achille, plus \u00e2g\u00e9 que lui et connu pour ses mauvais coups, qui l&rsquo;entra\u00eenera dans un vol qui tournera mal.<\/strong><\/em><\/p>\n<\/blockquote>\n<p>Les rapports se tendent alors entre Ibrahim et son p\u00e8re, contraint de r\u00e9gler la note du vol commis par son fils et voir ainsi son r\u00eave de retrouver une dignit\u00e9 et travailler en salle se briser.<\/p>\n<p>Rong\u00e9 par le sentiment de culpabilit\u00e9, Ibrahim va prendre tous les risques pour r\u00e9parer sa faute.<\/p>\n<p>N\u00e9 en 1967 \u00e0 Paris, Samir Guesmi, acteur-r\u00e9alisateur a d\u00e9but\u00e9 dans le cin\u00e9ma avec le polar \u00ab\u00a0Jaune revolver\u00a0\u00bb aux c\u00f4t\u00e9 de Fran\u00e7ois Cluzet, avant de d\u00e9crocher en 1994, un premier r\u00f4le dans la com\u00e9die \u00ab\u00a0Malek le maudit\u00a0\u00bb qui lui vaudra d&rsquo;\u00eatre distingu\u00e9 du prix d&rsquo;interpr\u00e9tation masculine au Festival d&rsquo;Amiens.<\/p>\n<hr\/>\n<h3>Lire aussi:\u00a0<a href=\"http:\/\/www.aps.dz\/culture\/109310-tahya-cinema-une-plateforme-pour-faciliter-la-production-et-le-financement-de-films\" target=\"_blank\" rel=\"noopener noreferrer\">\u00ab\u00a0Tahya Cin\u00e9ma\u00a0\u00bb, une plateforme pour faciliter la production et le financement de films<\/a><\/h3>\n<hr\/>\n<p>Le jeune acteur multiplie les seconds r\u00f4les et s&rsquo;impr\u00e8gne davantage du monde du 7e Art pour conna\u00eetre la c\u00e9l\u00e9brit\u00e9 en 2006 dans \u00ab\u00a0Ne le dis \u00e0 personne\u00a0\u00bb, thriller de Guillaume Canet, puis en 2012 dans la s\u00e9rie t\u00e9l\u00e9vis\u00e9e jusqu&rsquo;en 2015, \u00ab\u00a0Les Revenants\u00a0\u00bb, de Fabrice Gobert.<\/p>\n<p>Samir Guesmi va encha\u00eener les r\u00f4les dans une vingtaine de films, donnant la r\u00e9plique \u00e0 de grands com\u00e9diens \u00e0 l&rsquo;instar de Jean Dujardin dans \u00ab\u00a0Cash\u00a0\u00bb ou Andr\u00e9 Dussollier dans \u00ab\u00a0Leur morale et la n\u00f4tre\u00a0\u00bb, pour se voir ensuite distribu\u00e9 dans des films de cin\u00e9ma d&rsquo;auteurs, comme \u00ab\u00a0Je suis heureux que ma m\u00e8re soit vivante\u00a0\u00bb de Claude Miller ou encore \u00ab\u00a0Hors la loi\u00a0\u00bb de Rachid Bouchareb, entre autres.<\/p>\n<blockquote readability=\"11\">\n<p><em><strong>En 2008, Samir Guesmi a r\u00e9alis\u00e9 \u00ab\u00a0C&rsquo;est dimanche\u00a0\u00bb, un court m\u00e9trage dans lequel le personnage de Ibrahim va conna\u00eetre ses premi\u00e8res p\u00e9rip\u00e9ties en faisant croire \u00e0 son p\u00e8re Ahmed, (incarn\u00e9 par Djemel Barek disparu r\u00e9cemment) qu&rsquo;il avait d\u00e9croch\u00e9 son dipl\u00f4me alors qu&rsquo;il venait de se faire renvoyer du coll\u00e8ge.<\/strong><\/em><\/p>\n<\/blockquote>\n<p>Le 13e FFA, tenu dans des conditions particuli\u00e8res en raison de la pand\u00e9mie li\u00e9e au Covid-19, a r\u00e9ussi \u00e0 drainer quelque 23.000 spectateurs, contraints aux mesures strictes de pr\u00e9vention sanitaire, dont le port du masque et l&rsquo;imp\u00e9ratif de laisser un si\u00e8ge vide entre deux spectateurs.<\/p>\n<p>Cr\u00e9\u00e9 en 2008, le FFA, \u00e9v\u00e9nement incontournable de la rentr\u00e9e culturelle, se tient chaque ann\u00e9e \u00e0 la fin de l&rsquo;\u00e9t\u00e9 en Charente, au Sud ouest de la France.<\/p>\n<p>En 2019, le 12e Festival du film francophone d&rsquo;Angoul\u00eame a distingu\u00e9 \u00ab\u00a0Les Hirondelles de Kaboul\u00a0\u00bb de Zabou Breitman et El\u00e9a Gobb\u00e9-M\u00e9vellec, film tir\u00e9 du roman de Yasmina Khadra.<\/p>\n<\/div>\n<p>Auteur:<br \/>\n<a href=\"http:\/\/www.aps.dz\/culture\/109323-le-film-ibrahim-de-samir-guesmi-distingue-au-festival-d-angouleme\">Cliquez ici pour lire l&rsquo;article depuis sa source.<\/a><\/p>\n","protected":false},"excerpt":{"rendered":"<p>ALGER &#8211; Le long m\u00e9trage \u00ab\u00a0Ibrahim\u00a0\u00bb du cin\u00e9aste franco-alg\u00e9rien Samir Guesmi a rafl\u00e9 mercredi quatre troph\u00e9es dont le Valois de Diamant, plus haute distinction du Festival du film francophone d&rsquo;Angoul\u00eame (FFA) qui s&rsquo;est tenu pour sa 13e \u00e9dition du 28 ao\u00fbt au 2 septembre, rapportent les organisateurs sur le site Internet de l&rsquo;\u00e9v\u00e8nement. Sorti en [&hellip;]<\/p>\n","protected":false},"author":1790,"featured_media":0,"comment_status":"closed","ping_status":"closed","sticky":false,"template":"","format":"standard","meta":{"fifu_image_url":"","fifu_image_alt":"","footnotes":""},"categories":[53,79],"tags":[],"class_list":["post-97828","post","type-post","status-publish","format-standard","hentry","category-algerie","category-culture"],"_links":{"self":[{"href":"https:\/\/linitiative.ca\/International\/wp-json\/wp\/v2\/posts\/97828","targetHints":{"allow":["GET"]}}],"collection":[{"href":"https:\/\/linitiative.ca\/International\/wp-json\/wp\/v2\/posts"}],"about":[{"href":"https:\/\/linitiative.ca\/International\/wp-json\/wp\/v2\/types\/post"}],"author":[{"embeddable":true,"href":"https:\/\/linitiative.ca\/International\/wp-json\/wp\/v2\/users\/1790"}],"replies":[{"embeddable":true,"href":"https:\/\/linitiative.ca\/International\/wp-json\/wp\/v2\/comments?post=97828"}],"version-history":[{"count":0,"href":"https:\/\/linitiative.ca\/International\/wp-json\/wp\/v2\/posts\/97828\/revisions"}],"wp:attachment":[{"href":"https:\/\/linitiative.ca\/International\/wp-json\/wp\/v2\/media?parent=97828"}],"wp:term":[{"taxonomy":"category","embeddable":true,"href":"https:\/\/linitiative.ca\/International\/wp-json\/wp\/v2\/categories?post=97828"},{"taxonomy":"post_tag","embeddable":true,"href":"https:\/\/linitiative.ca\/International\/wp-json\/wp\/v2\/tags?post=97828"}],"curies":[{"name":"wp","href":"https:\/\/api.w.org\/{rel}","templated":true}]}}