{"id":97850,"date":"2020-09-04T15:13:17","date_gmt":"2020-09-04T19:13:17","guid":{"rendered":"https:\/\/linitiative.ca\/International\/international-fc-barcelone-messi-annonce-quil-reste-au-club-officiel\/"},"modified":"2020-09-04T15:13:17","modified_gmt":"2020-09-04T19:13:17","slug":"international-fc-barcelone-messi-annonce-quil-reste-au-club-officiel","status":"publish","type":"post","link":"https:\/\/linitiative.ca\/International\/international-fc-barcelone-messi-annonce-quil-reste-au-club-officiel\/","title":{"rendered":"International : FC Barcelone: Messi annonce qu\u2019il reste au club (Officiel)"},"content":{"rendered":"<div readability=\"32\">\n<p>Auteur : <span class=\"time\">vendredi 04 septembre 2020 17:16<\/span><\/p>\n<\/div>\n<div id=\"post_core\" readability=\"53\">\n<p>Dans un entretien accord\u00e9 au site Goal.com, Lionel Messi annonce ce vendredi qu\u2019il reste finalement au FC Barcelone. \u00abJamais de ma vie je n\u2019irai en justice contre le club. Pour cela, je vais rester \u00e0 Barcelone\u00bb, a confi\u00e9 l\u2019Argentin de 33 ans, qui avait fait savoir au club catalan qu&rsquo;il souhaitait partir la semaine derni\u00e8re. Des vell\u00e9it\u00e9s de d\u00e9part qui ne datent pas d&rsquo;hier et dont son pr\u00e9sident Josep Maria Bartomeu \u00e9tait au courant si l&rsquo;on en croit l&rsquo;int\u00e9ress\u00e9.<\/p>\n<p>\u00a0\u00abJ&rsquo;ai dit au club, en particulier au pr\u00e9sident, que je voulais partir. Je le lui ai dit toute l&rsquo;ann\u00e9e, explique Messi. Je pensais qu&rsquo;il \u00e9tait temps de partir et que le club avait besoin de plus de jeunes, de nouvelles personnes et je pensais que mon temps \u00e0 Barcelone \u00e9tait termin\u00e9. Cela me faisait quelque chose parce que j\u2019ai toujours dit que je voulais terminer ma carri\u00e8re ici. Ce fut une ann\u00e9e tr\u00e8s difficile, j&rsquo;ai beaucoup souffert \u00e0 l&rsquo;entra\u00eenement, dans les matches et dans le vestiaire. Tout est devenu tr\u00e8s difficile pour moi et il est arriv\u00e9 un moment o\u00f9 j&rsquo;ai envisag\u00e9 de chercher de nouveaux objectifs, de changer d&rsquo;air. Ce n\u2019est pas li\u00e9 au r\u00e9sultat de la Ligue des champions contre le Bayern (d\u00e9faite 8-2), c\u2019est une d\u00e9cision \u00e0 laquelle je pensais depuis longtemps. Je l&rsquo;ai dit au pr\u00e9sident et bon, le pr\u00e9sident a toujours dit qu&rsquo;\u00e0 la fin de la saison je pouvais d\u00e9cider si je voulais y aller ou si je voulais rester. A la fin il n&rsquo;a pas tenu parole.\u00bbrapporte sport24.lefigaro.fr.<\/p>\n<p><strong>Publi\u00e9 dans :<\/strong> <span>messi<\/span><\/p>\n<\/div>\n<p>Auteur:<br \/>\n<a href=\"http:\/\/www.lebuteur.com\/article\/detail?titre=fc-barcelone-messi-annonce-quil-reste-au-club-officiel&#038;id=97149&#038;utm_source=feedburner&#038;utm_medium=feed&#038;utm_campaign=Feed%3A+GalerieFArtciles+%28Les+derniers+articles++-+lebuteur.com%29\">Cliquez ici pour lire l&rsquo;article depuis sa source.<\/a><\/p>\n","protected":false},"excerpt":{"rendered":"<p>Auteur : vendredi 04 septembre 2020 17:16 Dans un entretien accord\u00e9 au site Goal.com, Lionel Messi annonce ce vendredi qu\u2019il reste finalement au FC Barcelone. \u00abJamais de ma vie je n\u2019irai en justice contre le club. Pour cela, je vais rester \u00e0 Barcelone\u00bb, a confi\u00e9 l\u2019Argentin de 33 ans, qui avait fait savoir au club [&hellip;]<\/p>\n","protected":false},"author":1738,"featured_media":97851,"comment_status":"closed","ping_status":"closed","sticky":false,"template":"","format":"standard","meta":{"fifu_image_url":"","fifu_image_alt":"","footnotes":""},"categories":[53,75],"tags":[],"class_list":["post-97850","post","type-post","status-publish","format-standard","has-post-thumbnail","hentry","category-algerie","category-sport"],"_links":{"self":[{"href":"https:\/\/linitiative.ca\/International\/wp-json\/wp\/v2\/posts\/97850","targetHints":{"allow":["GET"]}}],"collection":[{"href":"https:\/\/linitiative.ca\/International\/wp-json\/wp\/v2\/posts"}],"about":[{"href":"https:\/\/linitiative.ca\/International\/wp-json\/wp\/v2\/types\/post"}],"author":[{"embeddable":true,"href":"https:\/\/linitiative.ca\/International\/wp-json\/wp\/v2\/users\/1738"}],"replies":[{"embeddable":true,"href":"https:\/\/linitiative.ca\/International\/wp-json\/wp\/v2\/comments?post=97850"}],"version-history":[{"count":0,"href":"https:\/\/linitiative.ca\/International\/wp-json\/wp\/v2\/posts\/97850\/revisions"}],"wp:featuredmedia":[{"embeddable":true,"href":"https:\/\/linitiative.ca\/International\/wp-json\/"}],"wp:attachment":[{"href":"https:\/\/linitiative.ca\/International\/wp-json\/wp\/v2\/media?parent=97850"}],"wp:term":[{"taxonomy":"category","embeddable":true,"href":"https:\/\/linitiative.ca\/International\/wp-json\/wp\/v2\/categories?post=97850"},{"taxonomy":"post_tag","embeddable":true,"href":"https:\/\/linitiative.ca\/International\/wp-json\/wp\/v2\/tags?post=97850"}],"curies":[{"name":"wp","href":"https:\/\/api.w.org\/{rel}","templated":true}]}}