{"id":97854,"date":"2020-09-04T15:13:22","date_gmt":"2020-09-04T19:13:22","guid":{"rendered":"https:\/\/linitiative.ca\/International\/international-inter-milan-skriniar-evoque-son-avenir\/"},"modified":"2020-09-04T15:13:22","modified_gmt":"2020-09-04T19:13:22","slug":"international-inter-milan-skriniar-evoque-son-avenir","status":"publish","type":"post","link":"https:\/\/linitiative.ca\/International\/international-inter-milan-skriniar-evoque-son-avenir\/","title":{"rendered":"International : Inter Milan : Skriniar \u00e9voque son avenir"},"content":{"rendered":"<div readability=\"32\">\n<p>Auteur : <span class=\"time\">vendredi 04 septembre 2020 18:30<\/span><\/p>\n<\/div>\n<div id=\"post_core\" readability=\"43\">\n<p>Leonardo serait tr\u00e8s int\u00e9ress\u00e9 par le profil de Milan Skriniar et des discussions auraient eu lieu avec\u00a0l\u2019Inter Milan\u00a0pour connaitre le prix du joueur. Arriv\u00e9 il y a trois ans en provenance de la Sampdoria G\u00eanes pour pr\u00e8s de 34 millions d\u2019euros, l\u2019international slovaque s\u2019est exprim\u00e9 sur son avenir.<\/p>\n<p>\u00abJe suis loin de l\u2019Inter? Je n\u2019ai aucune information \u00e0 ce sujet. J\u2019ai toujours un contrat de trois ans et je suis un joueur de cette \u00e9quipe. Conte me veut toujours \u00e0 Milan et personne du club ne m\u2019a dit qu\u2019il ne voulait pas de moi. Ce n\u2019est pas facile pour lui de choisir qui faire jouer parmi 30 joueurs \u00e0 disposition et ne fait certainement pas de choix pour blesser qui que ce soit. Il le fait pour le bien de l\u2019\u00e9quipe et je n\u2019ai aucune raison de quitter l\u2019Inter. Ils me veulent toujours et j\u2019ai toujours \u00e9t\u00e9 impliqu\u00e9 dans les entra\u00eenements. Je suis le m\u00eame joueur que j\u2019ai toujours \u00e9t\u00e9.\u00bb Des propos rapport\u00e9s par Les-Transferts.<\/p>\n<p><strong>Publi\u00e9 dans :<\/strong> <span>Inter Milan : Milan Skriniar<\/span><\/p>\n<\/div>\n<p>Auteur:<br \/>\n<a href=\"http:\/\/www.lebuteur.com\/article\/detail?titre=inter-milan-skriniar-evoque-son-avenir&#038;id=97151&#038;utm_source=feedburner&#038;utm_medium=feed&#038;utm_campaign=Feed%3A+GalerieFArtciles+%28Les+derniers+articles++-+lebuteur.com%29\">Cliquez ici pour lire l&rsquo;article depuis sa source.<\/a><\/p>\n","protected":false},"excerpt":{"rendered":"<p>Auteur : vendredi 04 septembre 2020 18:30 Leonardo serait tr\u00e8s int\u00e9ress\u00e9 par le profil de Milan Skriniar et des discussions auraient eu lieu avec\u00a0l\u2019Inter Milan\u00a0pour connaitre le prix du joueur. Arriv\u00e9 il y a trois ans en provenance de la Sampdoria G\u00eanes pour pr\u00e8s de 34 millions d\u2019euros, l\u2019international slovaque s\u2019est exprim\u00e9 sur son avenir. [&hellip;]<\/p>\n","protected":false},"author":1738,"featured_media":97855,"comment_status":"closed","ping_status":"closed","sticky":false,"template":"","format":"standard","meta":{"fifu_image_url":"","fifu_image_alt":"","footnotes":""},"categories":[53,75],"tags":[],"class_list":["post-97854","post","type-post","status-publish","format-standard","has-post-thumbnail","hentry","category-algerie","category-sport"],"_links":{"self":[{"href":"https:\/\/linitiative.ca\/International\/wp-json\/wp\/v2\/posts\/97854","targetHints":{"allow":["GET"]}}],"collection":[{"href":"https:\/\/linitiative.ca\/International\/wp-json\/wp\/v2\/posts"}],"about":[{"href":"https:\/\/linitiative.ca\/International\/wp-json\/wp\/v2\/types\/post"}],"author":[{"embeddable":true,"href":"https:\/\/linitiative.ca\/International\/wp-json\/wp\/v2\/users\/1738"}],"replies":[{"embeddable":true,"href":"https:\/\/linitiative.ca\/International\/wp-json\/wp\/v2\/comments?post=97854"}],"version-history":[{"count":0,"href":"https:\/\/linitiative.ca\/International\/wp-json\/wp\/v2\/posts\/97854\/revisions"}],"wp:featuredmedia":[{"embeddable":true,"href":"https:\/\/linitiative.ca\/International\/wp-json\/"}],"wp:attachment":[{"href":"https:\/\/linitiative.ca\/International\/wp-json\/wp\/v2\/media?parent=97854"}],"wp:term":[{"taxonomy":"category","embeddable":true,"href":"https:\/\/linitiative.ca\/International\/wp-json\/wp\/v2\/categories?post=97854"},{"taxonomy":"post_tag","embeddable":true,"href":"https:\/\/linitiative.ca\/International\/wp-json\/wp\/v2\/tags?post=97854"}],"curies":[{"name":"wp","href":"https:\/\/api.w.org\/{rel}","templated":true}]}}