{"id":97856,"date":"2020-09-04T15:13:25","date_gmt":"2020-09-04T19:13:25","guid":{"rendered":"https:\/\/linitiative.ca\/International\/pros-brentford-thomas-frank-explique-a-quelle-condition-said-benrahma-pourra-sen-aller\/"},"modified":"2020-09-04T15:13:25","modified_gmt":"2020-09-04T19:13:25","slug":"pros-brentford-thomas-frank-explique-a-quelle-condition-said-benrahma-pourra-sen-aller","status":"publish","type":"post","link":"https:\/\/linitiative.ca\/International\/pros-brentford-thomas-frank-explique-a-quelle-condition-said-benrahma-pourra-sen-aller\/","title":{"rendered":"Pros : Brentford : Thomas Frank explique \u00e0 quelle condition Sa\u00efd Benrahma pourra s&rsquo;en aller"},"content":{"rendered":"<div readability=\"32\">\n<p>Auteur : <span class=\"time\">vendredi 04 septembre 2020 19:12<\/span><\/p>\n<\/div>\n<div id=\"post_core\" readability=\"47\">\n<p>L&rsquo;entraineur de Brentford a expliqu\u00e9 que Said Benrahma et Ollie Watkins pourront s&rsquo;en aller cet \u00e9t\u00e9 \u00e0 condition que les offres soient \u00e0 hauteur du prix demand\u00e9 par le club. mais des joueurs comme Rico Henry ou David Raya ne seront pas vendus lors du prochain mois.<\/p>\n<p>Brentford, qui \u00e9voluera cette saison en Championship, r\u00e9clame 28M\u20ac pour le duo Watkins-Benrahma alors que des clubs comme Aston Villa, Fulham et West Ham sont int\u00e9ress\u00e9s. Thomas Frank a ainsi d\u00e9clar\u00e9 \u00e0 ce sujet :<\/p>\n<p>\u00ab\u00a0Je sais que beaucoup de rumeurs entourent nos joueurs au vu de la belle saison que nous avons r\u00e9alis\u00e9. Tout le monde sait que Said Benrahma et Ollie Watkins int\u00e9ressent plusieurs clubs. Si l&rsquo;offre est \u00e0 la hauteur de ce que nous attendons, alors nous sommes ouverts pour discuter d&rsquo;un transfert. Mais les autres joueurs ne sont pas \u00e0 vendre\u00a0\u00bb.<\/p>\n<p><strong>Publi\u00e9 dans :<\/strong> <span>Benrahma<\/span><\/p>\n<\/div>\n<p>Auteur:<br \/>\n<a href=\"http:\/\/www.lebuteur.com\/article\/detail?titre=brentford-thomas-frank-explique-a-quelle-condition-said-benrahma-pourra-sen-aller&#038;id=97152&#038;utm_source=feedburner&#038;utm_medium=feed&#038;utm_campaign=Feed%3A+GalerieFArtciles+%28Les+derniers+articles++-+lebuteur.com%29\">Cliquez ici pour lire l&rsquo;article depuis sa source.<\/a><\/p>\n","protected":false},"excerpt":{"rendered":"<p>Auteur : vendredi 04 septembre 2020 19:12 L&rsquo;entraineur de Brentford a expliqu\u00e9 que Said Benrahma et Ollie Watkins pourront s&rsquo;en aller cet \u00e9t\u00e9 \u00e0 condition que les offres soient \u00e0 hauteur du prix demand\u00e9 par le club. mais des joueurs comme Rico Henry ou David Raya ne seront pas vendus lors du prochain mois. Brentford, [&hellip;]<\/p>\n","protected":false},"author":1738,"featured_media":97857,"comment_status":"closed","ping_status":"closed","sticky":false,"template":"","format":"standard","meta":{"fifu_image_url":"","fifu_image_alt":"","footnotes":""},"categories":[53,75],"tags":[],"class_list":["post-97856","post","type-post","status-publish","format-standard","has-post-thumbnail","hentry","category-algerie","category-sport"],"_links":{"self":[{"href":"https:\/\/linitiative.ca\/International\/wp-json\/wp\/v2\/posts\/97856","targetHints":{"allow":["GET"]}}],"collection":[{"href":"https:\/\/linitiative.ca\/International\/wp-json\/wp\/v2\/posts"}],"about":[{"href":"https:\/\/linitiative.ca\/International\/wp-json\/wp\/v2\/types\/post"}],"author":[{"embeddable":true,"href":"https:\/\/linitiative.ca\/International\/wp-json\/wp\/v2\/users\/1738"}],"replies":[{"embeddable":true,"href":"https:\/\/linitiative.ca\/International\/wp-json\/wp\/v2\/comments?post=97856"}],"version-history":[{"count":0,"href":"https:\/\/linitiative.ca\/International\/wp-json\/wp\/v2\/posts\/97856\/revisions"}],"wp:featuredmedia":[{"embeddable":true,"href":"https:\/\/linitiative.ca\/International\/wp-json\/"}],"wp:attachment":[{"href":"https:\/\/linitiative.ca\/International\/wp-json\/wp\/v2\/media?parent=97856"}],"wp:term":[{"taxonomy":"category","embeddable":true,"href":"https:\/\/linitiative.ca\/International\/wp-json\/wp\/v2\/categories?post=97856"},{"taxonomy":"post_tag","embeddable":true,"href":"https:\/\/linitiative.ca\/International\/wp-json\/wp\/v2\/tags?post=97856"}],"curies":[{"name":"wp","href":"https:\/\/api.w.org\/{rel}","templated":true}]}}