{"id":97858,"date":"2020-09-04T15:13:27","date_gmt":"2020-09-04T19:13:27","guid":{"rendered":"https:\/\/linitiative.ca\/International\/international-ol-juninho-comprend-la-deception-damine-gouiri\/"},"modified":"2020-09-04T15:13:27","modified_gmt":"2020-09-04T19:13:27","slug":"international-ol-juninho-comprend-la-deception-damine-gouiri","status":"publish","type":"post","link":"https:\/\/linitiative.ca\/International\/international-ol-juninho-comprend-la-deception-damine-gouiri\/","title":{"rendered":"International : OL : Juninho comprend la d\u00e9ception d&rsquo;Amine Gouiri"},"content":{"rendered":"<div readability=\"32\">\n<p>Auteur : <span class=\"time\">vendredi 04 septembre 2020 19:41<\/span><\/p>\n<\/div>\n<div id=\"post_core\" readability=\"47\">\n<p>Un d\u00e9part de l&rsquo;attaquant \u00e9voqu\u00e9 par le directeur sportif rhodanien, Juninho.<\/p>\n<p>\u00ab\u00a0Quand on est attaquant, il y a toujours plus de concurrence. Malheureusement, m\u00eame s&rsquo;il est bien revenu de sa blessure, il y avait beaucoup de monde devant lui. Nous voulions le pr\u00eater pour qu&rsquo;il puisse s&rsquo;exprimer et en revenant, selon ses performances, pourquoi pas devenir titulaire. Il \u00e9tait d\u00e9\u00e7u de cette situation, je le comprend. Il a pris la meilleure d\u00e9cision pour lui, et c&rsquo;est parfois difficile \u00e0 encaisser pour les supporters mais il y a des r\u00e9alit\u00e9s \u00e0 prendre en compte. J&rsquo;ai beaucoup de respect pour lui et je lui souhaite le meilleur \u00e0 Nice. Tous les clubs font des erreurs, c\u2019en sera peut-\u00eatre une mais nous ne pouvons jamais le savoir \u00e0 l&rsquo;avance\u00a0\u00bb, a expliqu\u00e9 le Br\u00e9silien pour OL TV comme rapport\u00e9 par Maxifoot.<\/p>\n<p><strong>Publi\u00e9 dans :<\/strong> <span>Gouiri<\/span><\/p>\n<\/div>\n<p>Auteur:<br \/>\n<a href=\"http:\/\/www.lebuteur.com\/article\/detail?titre=ol-juninho-comprend-la-deception-damine-gouiri&#038;id=97153&#038;utm_source=feedburner&#038;utm_medium=feed&#038;utm_campaign=Feed%3A+GalerieFArtciles+%28Les+derniers+articles++-+lebuteur.com%29\">Cliquez ici pour lire l&rsquo;article depuis sa source.<\/a><\/p>\n","protected":false},"excerpt":{"rendered":"<p>Auteur : vendredi 04 septembre 2020 19:41 Un d\u00e9part de l&rsquo;attaquant \u00e9voqu\u00e9 par le directeur sportif rhodanien, Juninho. \u00ab\u00a0Quand on est attaquant, il y a toujours plus de concurrence. Malheureusement, m\u00eame s&rsquo;il est bien revenu de sa blessure, il y avait beaucoup de monde devant lui. Nous voulions le pr\u00eater pour qu&rsquo;il puisse s&rsquo;exprimer et [&hellip;]<\/p>\n","protected":false},"author":1738,"featured_media":97859,"comment_status":"closed","ping_status":"closed","sticky":false,"template":"","format":"standard","meta":{"fifu_image_url":"","fifu_image_alt":"","footnotes":""},"categories":[53,75],"tags":[],"class_list":["post-97858","post","type-post","status-publish","format-standard","has-post-thumbnail","hentry","category-algerie","category-sport"],"_links":{"self":[{"href":"https:\/\/linitiative.ca\/International\/wp-json\/wp\/v2\/posts\/97858","targetHints":{"allow":["GET"]}}],"collection":[{"href":"https:\/\/linitiative.ca\/International\/wp-json\/wp\/v2\/posts"}],"about":[{"href":"https:\/\/linitiative.ca\/International\/wp-json\/wp\/v2\/types\/post"}],"author":[{"embeddable":true,"href":"https:\/\/linitiative.ca\/International\/wp-json\/wp\/v2\/users\/1738"}],"replies":[{"embeddable":true,"href":"https:\/\/linitiative.ca\/International\/wp-json\/wp\/v2\/comments?post=97858"}],"version-history":[{"count":0,"href":"https:\/\/linitiative.ca\/International\/wp-json\/wp\/v2\/posts\/97858\/revisions"}],"wp:featuredmedia":[{"embeddable":true,"href":"https:\/\/linitiative.ca\/International\/wp-json\/"}],"wp:attachment":[{"href":"https:\/\/linitiative.ca\/International\/wp-json\/wp\/v2\/media?parent=97858"}],"wp:term":[{"taxonomy":"category","embeddable":true,"href":"https:\/\/linitiative.ca\/International\/wp-json\/wp\/v2\/categories?post=97858"},{"taxonomy":"post_tag","embeddable":true,"href":"https:\/\/linitiative.ca\/International\/wp-json\/wp\/v2\/tags?post=97858"}],"curies":[{"name":"wp","href":"https:\/\/api.w.org\/{rel}","templated":true}]}}