{"id":97863,"date":"2020-09-04T12:31:00","date_gmt":"2020-09-04T16:31:00","guid":{"rendered":"https:\/\/linitiative.ca\/International\/adrar-3-ans-de-prison-et-10-millions-damende-pour-un-dealer\/"},"modified":"2020-09-04T12:31:00","modified_gmt":"2020-09-04T16:31:00","slug":"adrar-3-ans-de-prison-et-10-millions-damende-pour-un-dealer","status":"publish","type":"post","link":"https:\/\/linitiative.ca\/International\/adrar-3-ans-de-prison-et-10-millions-damende-pour-un-dealer\/","title":{"rendered":"ADRAR : 3 ans de prison et 10 millions  d&rsquo;amende pour un dealer"},"content":{"rendered":"<p><br id=\"sep_para_1\" class=\"sep_para access\"\/><\/p>\n<div id=\"para_1\" class=\"para_38519938 resize\">\n<div class=\"texte access firstletter\">Le tribunal d\u2019Adrar vient de condamner un jeune dealer\u00a0 \u00e0 la peine de 3 ans de prison ferme assortie d&rsquo;une amende de 100 000 DA\u00a0 pour d\u00e9tention et vente de drogues lors d&rsquo;une comparution directe. Le communiqu\u00e9 de presse de la cellule de communication de la s\u00fbret\u00e9 de wilaya d\u2019Adrar pr\u00e9cise que c\u2019est \u00e0 la suite de l&rsquo;exploitation d&rsquo;un renseignement que les \u00e9l\u00e9ments du service de la police judiciaire relevant de la 2\u00e8me s\u00fbret\u00e9 urbaine ont interpell\u00e9 un jeune individu qui vendait de la drogue en milieu juv\u00e9nile au niveau de Hay Beni Ouskout. La fouille corporelle d&rsquo;usage effectu\u00e9e sur lui au moment de son interpellation aurait permis la saisie d\u2019une plaquette de kif trait\u00e9 pesant 39,75 g. A la fin de l&rsquo;enqu\u00eate, il a \u00e9t\u00e9 pr\u00e9sent\u00e9\u00a0 par devant le procureur de la R\u00e9publique pr\u00e8s le tribunal d\u2019Adrar qui l&rsquo;a d\u00e9f\u00e9r\u00e9 s\u00e9ance tenante devant le juge en comparution directe. Ce dernier magistrat l&rsquo;a condamn\u00e9\u00a0 \u00e0 la peine de 3 ans de prison ferme assortie d&rsquo;une amende de 100 000 DA avec mandat de d\u00e9p\u00f4t.\u00a0\u00a0<\/div>\n<\/div>\n<p>Auteur: Ahmed Messaoud<br \/>\n<a href=\"https:\/\/www.reflexiondz.net\/ADRAR-3-ans-de-prison-et-10-millions-d-amende-pour-un-dealer_a65047.html\">Cliquez ici pour lire l&rsquo;article depuis sa source.<\/a><\/p>\n","protected":false},"excerpt":{"rendered":"<p>Le tribunal d\u2019Adrar vient de condamner un jeune dealer\u00a0 \u00e0 la peine de 3 ans de prison ferme assortie d&rsquo;une amende de 100 000 DA\u00a0 pour d\u00e9tention et vente de drogues lors d&rsquo;une comparution directe. Le communiqu\u00e9 de presse de la cellule de communication de la s\u00fbret\u00e9 de wilaya d\u2019Adrar pr\u00e9cise que c\u2019est \u00e0 la [&hellip;]<\/p>\n","protected":false},"author":1740,"featured_media":0,"comment_status":"closed","ping_status":"closed","sticky":false,"template":"","format":"standard","meta":{"fifu_image_url":"","fifu_image_alt":"","footnotes":""},"categories":[53,76],"tags":[],"class_list":["post-97863","post","type-post","status-publish","format-standard","hentry","category-algerie","category-regions"],"_links":{"self":[{"href":"https:\/\/linitiative.ca\/International\/wp-json\/wp\/v2\/posts\/97863","targetHints":{"allow":["GET"]}}],"collection":[{"href":"https:\/\/linitiative.ca\/International\/wp-json\/wp\/v2\/posts"}],"about":[{"href":"https:\/\/linitiative.ca\/International\/wp-json\/wp\/v2\/types\/post"}],"author":[{"embeddable":true,"href":"https:\/\/linitiative.ca\/International\/wp-json\/wp\/v2\/users\/1740"}],"replies":[{"embeddable":true,"href":"https:\/\/linitiative.ca\/International\/wp-json\/wp\/v2\/comments?post=97863"}],"version-history":[{"count":0,"href":"https:\/\/linitiative.ca\/International\/wp-json\/wp\/v2\/posts\/97863\/revisions"}],"wp:attachment":[{"href":"https:\/\/linitiative.ca\/International\/wp-json\/wp\/v2\/media?parent=97863"}],"wp:term":[{"taxonomy":"category","embeddable":true,"href":"https:\/\/linitiative.ca\/International\/wp-json\/wp\/v2\/categories?post=97863"},{"taxonomy":"post_tag","embeddable":true,"href":"https:\/\/linitiative.ca\/International\/wp-json\/wp\/v2\/tags?post=97863"}],"curies":[{"name":"wp","href":"https:\/\/api.w.org\/{rel}","templated":true}]}}