{"id":97864,"date":"2020-09-04T12:31:00","date_gmt":"2020-09-04T16:31:00","guid":{"rendered":"https:\/\/linitiative.ca\/International\/oran-les-jets-ski-investissent-les-plages-doran\/"},"modified":"2020-09-04T12:31:00","modified_gmt":"2020-09-04T16:31:00","slug":"oran-les-jets-ski-investissent-les-plages-doran","status":"publish","type":"post","link":"https:\/\/linitiative.ca\/International\/oran-les-jets-ski-investissent-les-plages-doran\/","title":{"rendered":"ORAN : Les jets-ski investissent les plages d&rsquo;Oran"},"content":{"rendered":"<p><br id=\"sep_para_1\" class=\"sep_para access\"\/><\/p>\n<div id=\"para_1\" class=\"para_38519936 resize\">\n<div class=\"texte access firstletter\">Il a \u00e9t\u00e9 constat\u00e9 une absence totale de conscience citoyenne et de mesures barri\u00e8res, des filets de p\u00eache largu\u00e9s \u00e0 moins de dix m\u00e8tres du rivage, le retour des parkingeurs et des squatteurs de plages et surtout la pr\u00e9sence en force des embarcations motoris\u00e9es. Et la liste est longue, pour une wilaya baln\u00e9aire par excellence. Les \u00ab cascadeurs \u00bb au volant des scooters de mer, de type, qui proc\u00e8dent aux exhibitions de \u00ab rod\u00e9o-nautique \u00bb au milieu des estivants, un ph\u00e9nom\u00e8ne de plus en plus r\u00e9pandu au niveau des plages gard\u00e9es. Au m\u00eame titre, les marins p\u00e9cheurs, op\u00e9rant au large des c\u00f4tes du littoral Oranais, semblent d\u00e9fier tout le monde et continuent de porter de graves pr\u00e9judices \u00e0 la faune et la flore, voire m\u00eame aux estivants. L\u2019on signale que de nombreux jeunes estivants, ont \u00e9t\u00e9 pris dans des filets de p\u00eache, largu\u00e9s \u00e0 moins de dix m\u00e8tres du rivage, tout au long de la banquette de la zone de CAP Falcon et des Corales. Ils n\u2019ont trouv\u00e9 leur salut qu\u2019\u00e0 l\u2019intervention d\u2019autres estivants qui se trouvaient sur les lieux. Ainsi, le massacre de la faune et de la flore est toujours de rigueur sur le littoral Oranais, voire m\u00eame au niveau des zones prot\u00e9g\u00e9es en cette p\u00e9riode de l\u2019ann\u00e9e, r\u00e9v\u00e8lent des gens de la mer. Cette situation, affirment les m\u00eames personnes, est due aux agissements \u00ab criminels \u00bb des propri\u00e9taires de quelques embarcations de type 23 m\u00e8tres (450 \u00e0 600 chevaux), qui p\u00eachent tout pr\u00e8s des c\u00f4tes avec des m\u00e9thodes interdites, m\u00eame dans les pays les plus recul\u00e9s de la plan\u00e8te, entre autres, \u00e0 la tra\u00eene, avec des filets double proches dits\u00a0 \u00ab 9,2 \u00bb, ou encore \u00e0 l\u2019aide de celles appel\u00e9es \u00ab invisibles \u00bb et en semi p\u00e9lagique. Une source proche de la wilaya r\u00e9v\u00e8le que l&rsquo;ex-wali, Djellaoui Abdelkader a abord\u00e9 le probl\u00e8me s\u00e9curitaire au niveau des plages qui pr\u00e9occupe s\u00e9rieusement les autorit\u00e9s, surtout lorsqu\u2019en sait que le non-respect des dispositions r\u00e9gissant la r\u00e9glementation de navigation maritime est monnaie courante depuis l\u2019ouverture des plages. Selon nos sources, \u00e0\u00a0 Oran\u00a0 il a \u00e9t\u00e9 recens\u00e9 pr\u00e8s de 300 engins des mers, dont beaucoup d\u2019entre eux se disputent la vedette au bord des plages bond\u00e9es. Des accidents mortels se sont d\u00e9j\u00e0 produits, ces derni\u00e8res ann\u00e9es, ou l\u2019on a d\u00e9nombr\u00e9 plusieurs d\u00e9c\u00e8s, dont certaines victimes ont \u00e9t\u00e9 \u00e9ventr\u00e9es. Ainsi, et dans le but de maitriser la circulation des jet-ski, une op\u00e9ration des forces navales est au programme, en collaboration avec le minist\u00e8re du transport, les services de s\u00e9curit\u00e9 et la protection civile.\u00a0 Le but de cette op\u00e9ration, pr\u00e9cisent les participants, est de veiller au respect des dispositions de l\u2019arr\u00eat\u00e9 minist\u00e9riel N\u00b0: 666 du 13 juillet 2003 fixant les prescriptions sp\u00e9ciales de la navigation et de l\u2019inspection de ces engins flottants nautiques \u00e0 moteur.<\/div>\n<\/div>\n<p>Auteur: Medjadji H.<br \/>\n<a href=\"https:\/\/www.reflexiondz.net\/ORAN-Les-jets-ski-investissent-les-plages-d-Oran_a65046.html\">Cliquez ici pour lire l&rsquo;article depuis sa source.<\/a><\/p>\n","protected":false},"excerpt":{"rendered":"<p>Il a \u00e9t\u00e9 constat\u00e9 une absence totale de conscience citoyenne et de mesures barri\u00e8res, des filets de p\u00eache largu\u00e9s \u00e0 moins de dix m\u00e8tres du rivage, le retour des parkingeurs et des squatteurs de plages et surtout la pr\u00e9sence en force des embarcations motoris\u00e9es. Et la liste est longue, pour une wilaya baln\u00e9aire par excellence. [&hellip;]<\/p>\n","protected":false},"author":1740,"featured_media":0,"comment_status":"closed","ping_status":"closed","sticky":false,"template":"","format":"standard","meta":{"fifu_image_url":"","fifu_image_alt":"","footnotes":""},"categories":[53,76],"tags":[],"class_list":["post-97864","post","type-post","status-publish","format-standard","hentry","category-algerie","category-regions"],"_links":{"self":[{"href":"https:\/\/linitiative.ca\/International\/wp-json\/wp\/v2\/posts\/97864","targetHints":{"allow":["GET"]}}],"collection":[{"href":"https:\/\/linitiative.ca\/International\/wp-json\/wp\/v2\/posts"}],"about":[{"href":"https:\/\/linitiative.ca\/International\/wp-json\/wp\/v2\/types\/post"}],"author":[{"embeddable":true,"href":"https:\/\/linitiative.ca\/International\/wp-json\/wp\/v2\/users\/1740"}],"replies":[{"embeddable":true,"href":"https:\/\/linitiative.ca\/International\/wp-json\/wp\/v2\/comments?post=97864"}],"version-history":[{"count":0,"href":"https:\/\/linitiative.ca\/International\/wp-json\/wp\/v2\/posts\/97864\/revisions"}],"wp:attachment":[{"href":"https:\/\/linitiative.ca\/International\/wp-json\/wp\/v2\/media?parent=97864"}],"wp:term":[{"taxonomy":"category","embeddable":true,"href":"https:\/\/linitiative.ca\/International\/wp-json\/wp\/v2\/categories?post=97864"},{"taxonomy":"post_tag","embeddable":true,"href":"https:\/\/linitiative.ca\/International\/wp-json\/wp\/v2\/tags?post=97864"}],"curies":[{"name":"wp","href":"https:\/\/api.w.org\/{rel}","templated":true}]}}