{"id":97865,"date":"2020-09-04T12:31:00","date_gmt":"2020-09-04T16:31:00","guid":{"rendered":"https:\/\/linitiative.ca\/International\/lettre-ouverte-au-wali-dain-temouchent-beni-saf-une-immersion-dans-un-panier-de-crabes\/"},"modified":"2020-09-04T12:31:00","modified_gmt":"2020-09-04T16:31:00","slug":"lettre-ouverte-au-wali-dain-temouchent-beni-saf-une-immersion-dans-un-panier-de-crabes","status":"publish","type":"post","link":"https:\/\/linitiative.ca\/International\/lettre-ouverte-au-wali-dain-temouchent-beni-saf-une-immersion-dans-un-panier-de-crabes\/","title":{"rendered":"LETTRE OUVERTE AU WALI D\u2019A\u00cfN-TEMOUCHENT : BENI-SAF : Une immersion dans un panier de crabes"},"content":{"rendered":"<p><br id=\"sep_para_1\" class=\"sep_para access\"\/><\/p>\n<div id=\"para_1\" class=\"para_38519930 resize\">\n<div class=\"texte access firstletter\">Monsieur le Wali,<br \/>Au 1.9.2020, vous \u00eates d\u00e9sign\u00e9s \u00e0 la t\u00eate de cette wilaya.<br \/>D\u00e9pendant de votre comp\u00e9tence, je suis le chef-lieu de da\u00efra et je me nomme \u201cBENI-SAF, je n\u2019accuse pas, je d\u00e9nonce ! \u201c<br \/>Aussi, dans ce cadre, et en toute courtoisie et avec respect, je vous laisse, 4 mois pour en faire v\u00f4tre, l\u2019important enjeu, qui est de redresser mon ossature, mon territoire, de relever mon corps inerte.<br \/>Ces 4 mois de gr\u00e2ce, se r\u00e9partiront de la fa\u00e7on suivante :<br \/>Le premier mois sera pour vous installer, prendre connaissance des affaires en cours, reconna\u00eetre le terrain, mettre en place les \u201cgarde-fous \u201d, placer les \u201c baroudeurs \u201c aux points strat\u00e9giques, et donner les \u201c armes \u201d n\u00e9cessaires aux Incorruptibles, qui n\u2019auront \u00e0 rendre compte qu\u2019\u00e0 vous et \u00e0 personne d\u2019autre.<br \/>Les trois mois suivants devront \u00eatre suffisants pour me faire nettoyer, au sens propre et figur\u00e9, me laver de ces ignobles souillures, me faire une peau neuve, \u00e0 la hauteur de mon prestige, de mon \u00e9l\u00e9gance, de ma prestance et de ma beaut\u00e9.<br \/>Oui monsieur le wali, je suis tout \u00e7a ! Vous le constaterez de vous-m\u00eames et vous vous demanderez pour quelle raison, j\u2019ai \u00e9t\u00e9 injustement r\u00e9pudi\u00e9e.<br \/>J\u2019ai \u00e9t\u00e9 salie, humili\u00e9e, discr\u00e9dit\u00e9e, mon image de marque d\u00e9truite, abandonn\u00e9e par tous vos pr\u00e9d\u00e9cesseurs, qui n\u2019ont pas mesur\u00e9 mon importance dans votre wilaya, par rapport \u00e0 mon attractivit\u00e9 h\u00e9las, perdue depuis plusieurs ann\u00e9es.<br \/>Vous aurez comme action prioritaire l\u2019am\u00e9lioration du cadre de vie de la population qui vit sur mon sol, et qui souffre sans faire trop de vagues, car ce sont des gens pacifiques et hospitaliers.<br \/>Avec votre \u00e9quipe, il vous est demand\u00e9 de casser cette affreuse spirale de m\u00e9diocrit\u00e9, d\u2019incomp\u00e9tence et de laxisme dans tous les domaines d\u2019activit\u00e9.<br \/>Il vous faudra travailler beaucoup, traiter les questions prioritaires, et les probl\u00e8mes, quartier par quartier, et donc lancer, \u00e0 mon sens, une b\u00e9n\u00e9fique campagne de restauration de qualit\u00e9, pour que je puisse enfin, respirer normalement et donner naissance \u00e0 de la verdure, \u00e0 des plantes, \u00e0 des fleurs, \u00e0 une r\u00e9surgence du bien-vivre, de l\u2019espoir \u00e0 mes jeunes, qui sont malmen\u00e9s, perdus dans le d\u00e9dale de la bureaucratie et du m\u00e9pris, h\u00e9las aujourd\u2019hui install\u00e9 partout et dans tous les secteurs . Je voudrais aussi donner la paix et la tranquillit\u00e9 pour les plus \u00e2g\u00e9s.<br \/>En ma qualit\u00e9 de chef-lieu de da\u00efra, je sais que dans sa r\u00e9gion, le wali, fonctionnaire strat\u00e9gique, jouit des pouvoirs presque pr\u00e9sidentiels. Il est puissant et non responsable devant la repr\u00e9sentation populaire.<br \/>L\u2019affectation des projets sectoriels, le contr\u00f4le des d\u00e9penses, le suivi de l\u2019ex\u00e9cution des investissements publics, l\u2019\u00e9valuation de la qualit\u00e9 de travail fourni et la veille au respect des d\u00e9lais de r\u00e9alisation, toutes ces missions rel\u00e8vent de vos pr\u00e9rogatives en tant que patron de la wilaya. Je vous avouerai que mon territoire, ils sont rares pour ne pas dire inexistants, les investissements publics ou autres projets. Depuis des d\u00e9cennies, je ne b\u00e9n\u00e9ficie plus de la distribution de la richesse du pays. Je vous disais, plus haut, \u00eatre h\u00e9las bien abandonn\u00e9e.<br \/>J\u2019esp\u00e8re qu\u2019avec vous, je b\u00e9n\u00e9ficierai des retomb\u00e9es des dotations et des subventions de notre Etat, \u00e0 mon \u00e9chelon de da\u00efra.<br \/>Je ne veux pas vous emb\u00eater quant au maintien de l&rsquo;ordre public et de la s\u00e9curit\u00e9 des personnes et des biens. Cela aussi est votre charge d&rsquo;assurer la s\u00e9curit\u00e9 de mes habitants notamment en traitant d&rsquo;urgence, cette catastrophe qu\u2019est le rejet continuel, jour et nuit, de la poussi\u00e8re de la cimenterie, qui pollue depuis pr\u00e8s de quarante ans, mes terres et ma faune ainsi que ma flore.<br \/>C\u2019est vrai aussi que c\u2019est une \u00e9norme responsabilit\u00e9 que de veiller \u00e0 la sant\u00e9 environnementale de la wilaya en faisant contr\u00f4ler les installations des industries dangereuses ou polluantes, mais il y a aussi, et la d\u00e9livrance des permis de construire. Sur ce sujet j&rsquo;ai plein de choses \u00e0 dire.<br \/>Le respect du patrimoine culturel de la wilaya, prot\u00e9ger les monuments historiques et les sites remarquables que je pr\u00e9serve sur mon dos, depuis des mill\u00e9naires, avec des vestiges qui ne demandent qu\u2019\u00e0 \u00eatre class\u00e9s.<br \/>Pour le cas, vous aurez en charge ma demande concernant le site de la \u201cTour Maure \u201c du roi Siga, roi que j\u2019ai h\u00e9berg\u00e9 sur ma plage dite de la \u201cMarmite \u201c, avec ses cavaliers, ses cargaisons de marchandises, ses soldats, pour faire face \u00e0 ses ennemis, qui voulaient me conqu\u00e9rir et me dompter.<br \/>J\u2019aurai d\u00fb me laisser faire, au lieu de faire la maligne, puisque sur ces espaces historiques, \u201c on \u201c a cass\u00e9 mes gros blocs de pierres, fouill\u00e9 dans mon ventre, et creus\u00e9 des fondations pour construire un Complexe de vill\u00e9giatures, de restauration et d\u2019h\u00f4tellerie, et en plus la jolie plage de la \u201c Marmite \u201c m\u2019a \u00e9t\u00e9 prise. Elle est devenue priv\u00e9e, r\u00e9serv\u00e9e \u00e0 ceux qui en ont les moyens, fermant les acc\u00e8s \u00e0 celles et ceux qui ne peuvent y acc\u00e9der, les pauvres ch\u00e9ris.<br \/>Je leur ai dis que ce n\u2019\u00e9tait pas ma faute et que je n\u2019y pouvais rien, car d\u00e9truire un site historique, faut avoir bien des relations, \u00e0 haut, tr\u00e8s haut niveau.<br \/>Vous savez, j\u2019ai tellement de choses \u00e0 vous raconter, tant de choses \u00e0 vous demander, tant de questions \u00e0 vous poser, tant de probl\u00e8mes \u00e0 citer, tant d\u2019affaires douteuses \u00e0 ressortir, tant de dossiers notamment en ce qui concerne les permis de construire et les extensions et autres am\u00e9nagements illicites. Tant et tant de sujets \u00e0 traiter.<br \/>Mon message reste n\u00e9anmoins clair, puisque j\u2019ai espoir en votre arriv\u00e9e \u00e0 la t\u00eate de cette wilaya, en un homme providentiel pour ma survie, pour mon essor, pour mon d\u00e9veloppement, \u00e0 fortiori puisque je me connais tr\u00e8s bien et que, par cons\u00e9quent, je peux m&rsquo;avancer \u00e0 dire, que j&rsquo;ai en moi, dans mon ventre, dans mes entrailles, et \u00e0 l&rsquo;air, (h\u00e9las pas trop libre ), des potentialit\u00e9s aussi certaines qu\u2019\u00e9videntes, et cela depuis tr\u00e8s, tr\u00e8s longtemps, mais vos pr\u00e9d\u00e9cesseurs ne se sont pas rendus compte de ma beaut\u00e9 et de mes atouts. J\u2019\u00e9tais pr\u00eate \u00e0 les laisser tomber amoureux de moi, mais h\u00e9las, ils ne regardaient pas de mon c\u00f4t\u00e9.<br \/>Bon le pass\u00e9 est pass\u00e9, il est parti et ne reviendra pas.<br \/>Il faut tourner la page de cet ancien syst\u00e8me qui m\u2019a laiss\u00e9 sur la touche, sur le carreau, en bord de route. Je voulais partir vers la modernit\u00e9 et l\u2019expansion \u00e9conomique, sociale et culturelle.<br \/>Il est donc temps de remettre de l\u2019ordre l\u00e0 o\u00f9 le \u201cchaos\u201d a \u00e9t\u00e9 r\u00e9pandu sur mon territoire.<br \/>Oui, il va falloir combler les lacunes de vos pr\u00e9d\u00e9cesseurs. Je ne veux pas vous parler des maires, car j\u2019ai un tsunami de lacunes et un nombre incalculable de d\u00e9rives, de m\u00e9diocrit\u00e9 et de laisser-aller, \u00e0 citer.<br \/>Vous m\u2019apparaissez sympathique, je vais vous laisser fouler mon sol, rouler sur moi, m\u00eame vous porter sur mon dos, et donc j\u2019ai confiance, mais sans vous menacer, ni vous faire du chantage, je peux vous dire, que si aucune d\u00e9cision de grande ampleur, n\u2019est prise dans le sens de ma supplique ci-dessus, je vous d\u00e9grade et vous retire ma confiance et ma sympathie.<br \/>Par contre, dans le cas contraire, ce que je souhaite fortement, je vous d\u00e9cernerai, dans quatre mois, le 1er janvier, le tout premier prix de \u201c B\u00e2tisseur 2021\u201d.<br \/>Voil\u00e0, \u00e0 vous de jouer. Vous marquerez de votre main, de vos pieds, mon riche sol, mon sable d&rsquo;or, mes paysages, ma mer d&rsquo;azur, et vous laisserez ma population dire du bien de vous, de votre nom et votre passage ici, chez moi, restera une marque concr\u00e8te de la bonne gouvernance et de l&rsquo;esprit patriotique pour un d\u00e9veloppement d&rsquo;envergure.<br \/>Restant votre oblig\u00e9e, je vous souhaite la bienvenue, la sant\u00e9 et la force pour redresser l\u2019ensemble, remettre sur rails les wagons laiss\u00e9s pour compte, mais aussi remettre \u201cle monde b\u00e9ni-safien \u201c au travail.<br \/>Ce premier septembre, finies les vacances. C\u2019est la rentr\u00e9e, la rentr\u00e9e des \u00ab\u00a0classes\u00a0\u00bb, avec beaucoup de pain sur la planche.<br \/>Bien cordialement, bon courage et bonne chance pour votre parcours dans cette haute, louable et formidable fonction. Inch Allah de succ\u00e8s en succ\u00e8s !<br \/>Sign\u00e9 :<br \/><strong>\u201c Beni-Saf c\u2019est mon nom ! Je n\u2019accuse pas, je d\u00e9nonce ! \u201dFait sur mon territoire ce mardi 1.9.2020<\/strong><\/div>\n<\/div>\n<p>Auteur: Mohamed Seghiouer<br \/>\n<a href=\"https:\/\/www.reflexiondz.net\/LETTRE-OUVERTE-AU-WALI-D-AIN-TEMOUCHENT-BENI-SAF-Une-immersion-dans-un-panier-de-crabes_a65045.html\">Cliquez ici pour lire l&rsquo;article depuis sa source.<\/a><\/p>\n","protected":false},"excerpt":{"rendered":"<p>Monsieur le Wali,Au 1.9.2020, vous \u00eates d\u00e9sign\u00e9s \u00e0 la t\u00eate de cette wilaya.D\u00e9pendant de votre comp\u00e9tence, je suis le chef-lieu de da\u00efra et je me nomme \u201cBENI-SAF, je n\u2019accuse pas, je d\u00e9nonce ! \u201cAussi, dans ce cadre, et en toute courtoisie et avec respect, je vous laisse, 4 mois pour en faire v\u00f4tre, l\u2019important enjeu, [&hellip;]<\/p>\n","protected":false},"author":1740,"featured_media":0,"comment_status":"closed","ping_status":"closed","sticky":false,"template":"","format":"standard","meta":{"fifu_image_url":"","fifu_image_alt":"","footnotes":""},"categories":[53,76],"tags":[],"class_list":["post-97865","post","type-post","status-publish","format-standard","hentry","category-algerie","category-regions"],"_links":{"self":[{"href":"https:\/\/linitiative.ca\/International\/wp-json\/wp\/v2\/posts\/97865","targetHints":{"allow":["GET"]}}],"collection":[{"href":"https:\/\/linitiative.ca\/International\/wp-json\/wp\/v2\/posts"}],"about":[{"href":"https:\/\/linitiative.ca\/International\/wp-json\/wp\/v2\/types\/post"}],"author":[{"embeddable":true,"href":"https:\/\/linitiative.ca\/International\/wp-json\/wp\/v2\/users\/1740"}],"replies":[{"embeddable":true,"href":"https:\/\/linitiative.ca\/International\/wp-json\/wp\/v2\/comments?post=97865"}],"version-history":[{"count":0,"href":"https:\/\/linitiative.ca\/International\/wp-json\/wp\/v2\/posts\/97865\/revisions"}],"wp:attachment":[{"href":"https:\/\/linitiative.ca\/International\/wp-json\/wp\/v2\/media?parent=97865"}],"wp:term":[{"taxonomy":"category","embeddable":true,"href":"https:\/\/linitiative.ca\/International\/wp-json\/wp\/v2\/categories?post=97865"},{"taxonomy":"post_tag","embeddable":true,"href":"https:\/\/linitiative.ca\/International\/wp-json\/wp\/v2\/tags?post=97865"}],"curies":[{"name":"wp","href":"https:\/\/api.w.org\/{rel}","templated":true}]}}