{"id":97866,"date":"2020-09-04T12:31:00","date_gmt":"2020-09-04T16:31:00","guid":{"rendered":"https:\/\/linitiative.ca\/International\/coa-la-candidature-de-lex-ministre-bernaoui-rejetee\/"},"modified":"2020-09-04T12:31:00","modified_gmt":"2020-09-04T16:31:00","slug":"coa-la-candidature-de-lex-ministre-bernaoui-rejetee","status":"publish","type":"post","link":"https:\/\/linitiative.ca\/International\/coa-la-candidature-de-lex-ministre-bernaoui-rejetee\/","title":{"rendered":"COA : La candidature de l\u2019ex-ministre Bernaoui rejet\u00e9e"},"content":{"rendered":"<p><br id=\"sep_para_1\" class=\"sep_para access\"\/><\/p>\n<div id=\"para_1\" class=\"para_38520000 resize\">\n<div class=\"photo shadow left\"><a href=\"javascript:void(0)\" rel=\"https:\/\/www.reflexiondz.net\/photo\/art\/grande\/49566625-38520000.jpg?v=1599238809&amp;ibox\" title=\"COA : La candidature de l\u2019ex-ministre Bernaoui rejet\u00e9e\"><img decoding=\"async\" class=\"responsive c9\" src=\"https:\/\/www.reflexiondz.net\/photo\/art\/grande\/49566625-38520000.jpg?v=1599238809\" alt=\"COA : La candidature de l\u2019ex-ministre Bernaoui rejet\u00e9e\" title=\"COA : La candidature de l\u2019ex-ministre Bernaoui rejet\u00e9e\"\/><img decoding=\"async\" class=\"not-responsive\" src=\"https:\/\/www.reflexiondz.net\/photo\/art\/default\/49566625-38520000.jpg?v=1599238810\" alt=\"COA : La candidature de l\u2019ex-ministre Bernaoui rejet\u00e9e\" title=\"COA : La candidature de l\u2019ex-ministre Bernaoui rejet\u00e9e\"\/><\/a><\/div>\n<div class=\"texte access firstletter\">La candidature de l\u2019ancien ministre de la Jeunesse et des sports, Raouf Salim Bernaoui, \u00e0 la pr\u00e9sidence du Comit\u00e9 olympique et sportif alg\u00e9rien (COA) a \u00e9t\u00e9 rejet\u00e9e. En effet, le bureau ex\u00e9cutif du COA qui a valid\u00e9, jeudi 3 septembre, quatre dossiers de candidature pour le poste de pr\u00e9sident dont l\u2019assembl\u00e9e g\u00e9n\u00e9rale \u00e9lective (AGE) aura lieu le 12 septembre, a rejet\u00e9 celle de Bernaoui. La candidature de Bernaoui a \u00e9t\u00e9 rejet\u00e9e par les membres du bureau ex\u00e9cutif du COA, conform\u00e9ment \u00e0 l\u2019ordonnance n 07-01 du 1er mars 2007, relative aux incompatibilit\u00e9s et obligations particuli\u00e8res attach\u00e9es \u00e0 certains emplois et fonctions pourrait constituer un obstacle \u00e0 sa candidature. Cette ordonnance stipule dans son article 3 qu\u2019il est interdit aux agents publics occupant des fonctions sup\u00e9rieures de l\u2019Etat \u00ab d\u2019exercer, pendant une p\u00e9riode de deux ann\u00e9es, une activit\u00e9 professionnelle ou de consultation ou d\u00e9tenir des int\u00e9r\u00eats directs ou indirects aupr\u00e8s d\u2019entreprises ou d\u2019organismes dont ils ont eu \u00e0 assurer un contr\u00f4le ou une surveillance, \u00e0 conclure un march\u00e9 ou \u00e0 \u00e9mettre un avis en vue de la passation d\u2019un march\u00e9, ainsi qu\u2019aupr\u00e8s de tout autre entreprise ou organisme op\u00e9rant dans le m\u00eame domaine d\u2019activit\u00e9 \u00bb. Rappelons que Bernaoui avait d\u00e9clar\u00e9, sur le plateau de la chaine Ennahar TV, qu\u2019il \u00e9tait in\u00e9ligible pour le poste de pr\u00e9sident du COA, en raison du fait qu\u2019un ministre demeure en cong\u00e9 sp\u00e9cial, mais malgr\u00e9 cela il a pr\u00e9sent\u00e9 sa candidature.<\/div>\n<\/div>\n<p>Auteur: R\u00e9flexion<br \/>\n<a href=\"https:\/\/www.reflexiondz.net\/COA-La-candidature-de-l-ex-ministre-Bernaoui-rejetee_a65062.html\">Cliquez ici pour lire l&rsquo;article depuis sa source.<\/a><\/p>\n","protected":false},"excerpt":{"rendered":"<p>La candidature de l\u2019ancien ministre de la Jeunesse et des sports, Raouf Salim Bernaoui, \u00e0 la pr\u00e9sidence du Comit\u00e9 olympique et sportif alg\u00e9rien (COA) a \u00e9t\u00e9 rejet\u00e9e. En effet, le bureau ex\u00e9cutif du COA qui a valid\u00e9, jeudi 3 septembre, quatre dossiers de candidature pour le poste de pr\u00e9sident dont l\u2019assembl\u00e9e g\u00e9n\u00e9rale \u00e9lective (AGE) aura [&hellip;]<\/p>\n","protected":false},"author":1740,"featured_media":0,"comment_status":"closed","ping_status":"closed","sticky":false,"template":"","format":"standard","meta":{"fifu_image_url":"","fifu_image_alt":"","footnotes":""},"categories":[53,76],"tags":[],"class_list":["post-97866","post","type-post","status-publish","format-standard","hentry","category-algerie","category-regions"],"_links":{"self":[{"href":"https:\/\/linitiative.ca\/International\/wp-json\/wp\/v2\/posts\/97866","targetHints":{"allow":["GET"]}}],"collection":[{"href":"https:\/\/linitiative.ca\/International\/wp-json\/wp\/v2\/posts"}],"about":[{"href":"https:\/\/linitiative.ca\/International\/wp-json\/wp\/v2\/types\/post"}],"author":[{"embeddable":true,"href":"https:\/\/linitiative.ca\/International\/wp-json\/wp\/v2\/users\/1740"}],"replies":[{"embeddable":true,"href":"https:\/\/linitiative.ca\/International\/wp-json\/wp\/v2\/comments?post=97866"}],"version-history":[{"count":0,"href":"https:\/\/linitiative.ca\/International\/wp-json\/wp\/v2\/posts\/97866\/revisions"}],"wp:attachment":[{"href":"https:\/\/linitiative.ca\/International\/wp-json\/wp\/v2\/media?parent=97866"}],"wp:term":[{"taxonomy":"category","embeddable":true,"href":"https:\/\/linitiative.ca\/International\/wp-json\/wp\/v2\/categories?post=97866"},{"taxonomy":"post_tag","embeddable":true,"href":"https:\/\/linitiative.ca\/International\/wp-json\/wp\/v2\/tags?post=97866"}],"curies":[{"name":"wp","href":"https:\/\/api.w.org\/{rel}","templated":true}]}}