{"id":97875,"date":"2020-09-04T14:39:53","date_gmt":"2020-09-04T18:39:53","guid":{"rendered":"https:\/\/linitiative.ca\/International\/coronavirus-interdiction-de-deplacements-de-et-vers-les-villes-de-khenifra-et-mrirt-a-partir-du-6-septembre\/"},"modified":"2020-09-04T14:39:53","modified_gmt":"2020-09-04T18:39:53","slug":"coronavirus-interdiction-de-deplacements-de-et-vers-les-villes-de-khenifra-et-mrirt-a-partir-du-6-septembre","status":"publish","type":"post","link":"https:\/\/linitiative.ca\/International\/coronavirus-interdiction-de-deplacements-de-et-vers-les-villes-de-khenifra-et-mrirt-a-partir-du-6-septembre\/","title":{"rendered":"Coronavirus : interdiction de d\u00e9placements de et vers les villes de Kh\u00e9nifra et M\u2019rirt \u00e0 partir du 6 septembre"},"content":{"rendered":"<p><strong>Les autorit\u00e9s locales de la province de Kh\u00e9nifra ont d\u00e9cid\u00e9 d\u2019interdire, \u00e0 compter du dimanche 06 septembre \u00e0 midi, tout d\u00e9placement de et vers les villes de Kh\u00e9nifra et de M\u2019rirt, en raison de la recrudescence du nombre de cas positifs au coronavirus.<br \/><\/strong><br \/>Cette interdiction vaut pour tout le monde \u00e0 l\u2019exception des personnes munies d\u2019une <strong>autorisation de d\u00e9placement exceptionnelle<\/strong> d\u00e9livr\u00e9e par les autorit\u00e9s locales comp\u00e9tentes, souligne le Poste de Coordination Provinciale (PCP), en charge de la gestion de la pand\u00e9mie de la Covid-19. \u00a0\u00ab\u00a0Sont exempt\u00e9s de cette d\u00e9cision, \u00e9galement, le secteur du transport des marchandises, des produits de base et des services, les d\u00e9placements d\u2019ordre professionnel ou ceux justifi\u00e9s par une extr\u00eame n\u00e9cessit\u00e9, ainsi que les d\u00e9placements pour des <strong>raisons humanitaires<\/strong> ou li\u00e9es \u00e0 la rentr\u00e9e scolaire et universitaire pour les \u00e9l\u00e8ves et \u00e9tudiants\u00a0\u00bb, pr\u00e9cise la m\u00eame source.<\/p>\n<div class=\"c10\"\/>\n<p><strong>Lire aussi|<\/strong> <a href=\"https:\/\/www.challenge.ma\/evolution-du-coronavirus-au-maroc-1750-nouveaux-cas-68605-au-total-vendredi-4-septembre-a-18-heures-155128\/\"><strong>\u00c9volution du Coronavirus au Maroc : 1750 nouveaux cas, 68605 au total vendredi 4 septembre \u00e0 18 heures<\/strong><\/a><\/p>\n<p>Le PCP a, aussi, d\u00e9cid\u00e9 de suspendre les transports en commun liant la ville de Khenifra et M\u2019rirt d\u2019une part, et liant les deux communes aux autres villes de la province, de proc\u00e9der \u00e0 la <strong>fermeture des caf\u00e9s<\/strong> et restaurants des deux villes \u00e0 22h00, d\u2019interdire tout acc\u00e8s aux espaces verts et aux espaces publics au-del\u00e0 de 22H00 et de fermer le Souk hebdomadaire d\u2019Ahtab dans la ville de Kh\u00e9nifra ainsi que des souks de b\u00e9tail des deux villes.<\/p>\n<p>Il a \u00e9t\u00e9 \u00e9galement d\u00e9cid\u00e9 d\u2019interdire toute activit\u00e9 commerciale autre que la vente de l\u00e9gumes et de fruits dans le Souk hebdomadaire de M\u2019rirt en plus de la <strong>fermeture des march\u00e9s et commerces<\/strong> \u00e0 partir de 17h00 et l\u2019interdiction de diffuser les matchs de football dans les caf\u00e9s pour les deux villes. Les autorit\u00e9s locales et les services s\u00e9curitaires ainsi que toutes les institutions et administrations concern\u00e9s, chacun dans son domaine de comp\u00e9tence, sont appel\u00e9s \u00e0 coordonner avec les services communaux pour mettre en \u0153uvre ces d\u00e9cisions, \u00e0 compter du dimanche 06 septembre \u00e0 partir de midi.<\/p>\n<p><strong>Lire aussi|<\/strong> <a href=\"https:\/\/www.challenge.ma\/coronavirus-tout-ce-que-vous-devez-savoir-sur-le-covid-19-chez-les-enfants-155077\/\"><strong>Coronavirus : tout ce que vous devez savoir sur le Covid-19 chez les enfants<\/strong><\/a><\/p>\n<p>Les autorit\u00e9s locales exhortent les citoyens \u00e0 observer scrupuleusement les mesures de <strong>pr\u00e9caution et pr\u00e9vention<\/strong> annonc\u00e9es et \u00e0 s\u2019engager, avec responsabilit\u00e9 dans les efforts nationaux visant \u00e0 freiner la propagation de la Covid-19, faisant savoir que les contrevenants \u00e0 ces r\u00e8gles seront soumis \u00e0 des sanctions dissuasives conform\u00e9ment \u00e0 la l\u00e9gislation en vigueur.<\/p>\n<div class=\"vw-sticky-sidebar-wrapper vw-sticky-sidebar widget_text awac-wrapper widget_text awac widget custom_html-4 textwidget custom-html-widget\">\n<p class=\"has-background c12\"><span class=\"widget-title c11\">Tribune et D\u00e9bats<\/span><\/p>\n<p>La tribune qui vous parle d\u2019une actu, d\u2019un sujet qui fait d\u00e9bat, les traite et les analyse. \u00c9conomistes et autres experts, patrons d\u2019entreprises, d\u00e9cideurs, acteurs de la soci\u00e9t\u00e9 civile, s\u2019y prononcent et contribuent \u00e0 sa grande richesse. Vous avez votre opinion, convergente ou diff\u00e9rente. Exprimez-la et mesurez-vous ainsi \u00e0 nos tribuns et d\u00e9batteurs.<\/p>\n<p>Envoyez vos analyses \u00e0 : <a href=\"\/cdn-cgi\/l\/email-protection#c3a0acadb7a2a0b783a0aba2afafa6ada4a6edaea2\"><span class=\"__cf_email__\" data-cfemail=\"33505c5d4752504773505b525f5f565d54561d5e52\">[email\u00a0protected]<\/span><\/a>, en pr\u00e9cisant votre nom, votre pr\u00e9nom et votre m\u00e9tier.<\/p>\n<\/div>\n<p>Auteur: challenge<br \/>\n<a href=\"https:\/\/www.challenge.ma\/coronavirus-interdiction-de-deplacements-de-et-vers-les-villes-de-khenifra-et-mrirt-a-partir-du-6-septembre-155172\/\">Cliquez ici pour lire l&rsquo;article depuis sa source.<\/a><\/p>\n","protected":false},"excerpt":{"rendered":"<p>Les autorit\u00e9s locales de la province de Kh\u00e9nifra ont d\u00e9cid\u00e9 d\u2019interdire, \u00e0 compter du dimanche 06 septembre \u00e0 midi, tout d\u00e9placement de et vers les villes de Kh\u00e9nifra et de M\u2019rirt, en raison de la recrudescence du nombre de cas positifs au coronavirus.Cette interdiction vaut pour tout le monde \u00e0 l\u2019exception des personnes munies d\u2019une [&hellip;]<\/p>\n","protected":false},"author":1787,"featured_media":0,"comment_status":"closed","ping_status":"closed","sticky":false,"template":"","format":"standard","meta":{"fifu_image_url":"","fifu_image_alt":"","footnotes":""},"categories":[78,54],"tags":[],"class_list":["post-97875","post","type-post","status-publish","format-standard","hentry","category-economie","category-maroc"],"_links":{"self":[{"href":"https:\/\/linitiative.ca\/International\/wp-json\/wp\/v2\/posts\/97875","targetHints":{"allow":["GET"]}}],"collection":[{"href":"https:\/\/linitiative.ca\/International\/wp-json\/wp\/v2\/posts"}],"about":[{"href":"https:\/\/linitiative.ca\/International\/wp-json\/wp\/v2\/types\/post"}],"author":[{"embeddable":true,"href":"https:\/\/linitiative.ca\/International\/wp-json\/wp\/v2\/users\/1787"}],"replies":[{"embeddable":true,"href":"https:\/\/linitiative.ca\/International\/wp-json\/wp\/v2\/comments?post=97875"}],"version-history":[{"count":0,"href":"https:\/\/linitiative.ca\/International\/wp-json\/wp\/v2\/posts\/97875\/revisions"}],"wp:attachment":[{"href":"https:\/\/linitiative.ca\/International\/wp-json\/wp\/v2\/media?parent=97875"}],"wp:term":[{"taxonomy":"category","embeddable":true,"href":"https:\/\/linitiative.ca\/International\/wp-json\/wp\/v2\/categories?post=97875"},{"taxonomy":"post_tag","embeddable":true,"href":"https:\/\/linitiative.ca\/International\/wp-json\/wp\/v2\/tags?post=97875"}],"curies":[{"name":"wp","href":"https:\/\/api.w.org\/{rel}","templated":true}]}}