{"id":97876,"date":"2020-09-04T15:12:31","date_gmt":"2020-09-04T19:12:31","guid":{"rendered":"https:\/\/linitiative.ca\/International\/coronavirus-la-cgem-obtient-lautorisation-dacces-au-territoire-national-pour-les-visiteurs-professionnels-etrangers\/"},"modified":"2020-09-04T15:12:31","modified_gmt":"2020-09-04T19:12:31","slug":"coronavirus-la-cgem-obtient-lautorisation-dacces-au-territoire-national-pour-les-visiteurs-professionnels-etrangers","status":"publish","type":"post","link":"https:\/\/linitiative.ca\/International\/coronavirus-la-cgem-obtient-lautorisation-dacces-au-territoire-national-pour-les-visiteurs-professionnels-etrangers\/","title":{"rendered":"Coronavirus : la CGEM obtient l\u2019autorisation d\u2019acc\u00e8s au territoire national pour les visiteurs professionnels \u00e9trangers"},"content":{"rendered":"<p><strong>La Conf\u00e9d\u00e9ration g\u00e9n\u00e9rale des entreprises du Maroc\u00a0 (CGEM) a re\u00e7u l\u2019accord du Ministre des Affaires \u00e9trang\u00e8res et de la coop\u00e9ration, Nasser Bourita, pour permettre l\u2019acc\u00e8s au territoire national,\u00e0 partir du 10 septembre, aux visiteurs professionnels \u00e9trangers (prestataires, consultants et techniciens \u00e9trangers).<\/strong><\/p>\n<div class=\"c10\"\/>\n<p>\u00a0Les visiteurs professionnels \u00e9trangers ont, en effet, adress\u00e9 de nombreuses <strong>demandes d\u2019autorisation<\/strong> d\u2019acc\u00e8s au Maroc \u00e0 la CGEM ces derniers mois. \u00ab J\u2019ai le plaisir de vous informer que la demande de la CGEM a \u00e9t\u00e9 approuv\u00e9e par M. le Ministre, Nasser BOURITA, que je tiens \u00e0 remercier chaleureusement pour sa grande r\u00e9activit\u00e9\u00a0\u00bb, a soulign\u00e9 Chakib Alj, pr\u00e9sident de la CGEM.<\/p>\n<p><strong>Lire aussi|<\/strong> <a href=\"https:\/\/www.challenge.ma\/e-commerce-le-ministere-de-lartisanat-sallie-a-plusieurs-partenaires-155034\/\"><strong>e-commerce : le minist\u00e8re de l\u2019Artisanat s\u2019allie \u00e0 plusieurs partenaires<\/strong><\/a><\/p>\n<p>On note ainsi, qu\u2019\u00e0 partir du 10 septembre 2020, les visiteurs professionnels \u00e9trangers pourront se d\u00e9placer chez les entreprises marocaines sur simple invitation de ces derni\u00e8res. \u00ab\u00a0Les <strong>invitations<\/strong> doivent \u00eatre imprim\u00e9es sur du papier \u00e0 en-t\u00eate de l\u2019entreprise qui invite (comprenant ses identifiants, notamment son ICE, son n\u00b0 de RC et son adresse). Elles doivent \u00e9galement \u00eatre sign\u00e9es et cachet\u00e9es par une personne habilit\u00e9e de l\u2019entreprise, et inclure l\u2019objet de la visite, les noms complets et num\u00e9ros de passeports des visiteurs, leur date d\u2019entr\u00e9e au <strong>territoire marocain<\/strong> ainsi que leur lieu de r\u00e9sidence pendant leur s\u00e9jour au Maroc\u00a0\u00bb, apprend-t-on.<\/p>\n<p><strong>Lire aussi|<\/strong> <a href=\"https:\/\/www.challenge.ma\/coronavirus-interdiction-de-deplacements-de-et-vers-les-villes-de-khenifra-et-mrirt-a-partir-du-6-septembre-155172\/\"><strong>Coronavirus : interdiction de d\u00e9placements de et vers les villes de Kh\u00e9nifra et M\u2019rirt \u00e0 partir du 6 septembre<\/strong><\/a><\/p>\n<p>\u00ab\u00a0Les visiteurs \u00e9trangers doivent bien \u00e9videmment se conformer aux r\u00e8gles sanitaires \u00e9dict\u00e9es par les autorit\u00e9s, notamment l\u2019obligation d\u2019effectuer pr\u00e9alablement les tests requis de d\u00e9pistage du Covid-19\u00a0\u00bb, ajoute la CGEM.<\/p>\n<div class=\"vw-sticky-sidebar-wrapper vw-sticky-sidebar widget_text awac-wrapper widget_text awac widget custom_html-4 textwidget custom-html-widget\">\n<p class=\"has-background c12\"><span class=\"widget-title c11\">Tribune et D\u00e9bats<\/span><\/p>\n<p>La tribune qui vous parle d\u2019une actu, d\u2019un sujet qui fait d\u00e9bat, les traite et les analyse. \u00c9conomistes et autres experts, patrons d\u2019entreprises, d\u00e9cideurs, acteurs de la soci\u00e9t\u00e9 civile, s\u2019y prononcent et contribuent \u00e0 sa grande richesse. Vous avez votre opinion, convergente ou diff\u00e9rente. Exprimez-la et mesurez-vous ainsi \u00e0 nos tribuns et d\u00e9batteurs.<\/p>\n<p>Envoyez vos analyses \u00e0 : <a href=\"\/cdn-cgi\/l\/email-protection#3e5d51504a5f5d4a7e5d565f52525b50595b10535f\"><span class=\"__cf_email__\" data-cfemail=\"c7a4a8a9b3a6a4b387a4afa6ababa2a9a0a2e9aaa6\">[email\u00a0protected]<\/span><\/a>, en pr\u00e9cisant votre nom, votre pr\u00e9nom et votre m\u00e9tier.<\/p>\n<\/div>\n<p>Auteur: challenge<br \/>\n<a href=\"https:\/\/www.challenge.ma\/coronavirus-la-cgem-obtient-lautorisation-dacces-au-territoire-national-pour-les-visiteurs-professionnels-etrangers-155179\/\">Cliquez ici pour lire l&rsquo;article depuis sa source.<\/a><\/p>\n","protected":false},"excerpt":{"rendered":"<p>La Conf\u00e9d\u00e9ration g\u00e9n\u00e9rale des entreprises du Maroc\u00a0 (CGEM) a re\u00e7u l\u2019accord du Ministre des Affaires \u00e9trang\u00e8res et de la coop\u00e9ration, Nasser Bourita, pour permettre l\u2019acc\u00e8s au territoire national,\u00e0 partir du 10 septembre, aux visiteurs professionnels \u00e9trangers (prestataires, consultants et techniciens \u00e9trangers). \u00a0Les visiteurs professionnels \u00e9trangers ont, en effet, adress\u00e9 de nombreuses demandes d\u2019autorisation d\u2019acc\u00e8s au [&hellip;]<\/p>\n","protected":false},"author":1787,"featured_media":0,"comment_status":"closed","ping_status":"closed","sticky":false,"template":"","format":"standard","meta":{"fifu_image_url":"","fifu_image_alt":"","footnotes":""},"categories":[78,54],"tags":[],"class_list":["post-97876","post","type-post","status-publish","format-standard","hentry","category-economie","category-maroc"],"_links":{"self":[{"href":"https:\/\/linitiative.ca\/International\/wp-json\/wp\/v2\/posts\/97876","targetHints":{"allow":["GET"]}}],"collection":[{"href":"https:\/\/linitiative.ca\/International\/wp-json\/wp\/v2\/posts"}],"about":[{"href":"https:\/\/linitiative.ca\/International\/wp-json\/wp\/v2\/types\/post"}],"author":[{"embeddable":true,"href":"https:\/\/linitiative.ca\/International\/wp-json\/wp\/v2\/users\/1787"}],"replies":[{"embeddable":true,"href":"https:\/\/linitiative.ca\/International\/wp-json\/wp\/v2\/comments?post=97876"}],"version-history":[{"count":0,"href":"https:\/\/linitiative.ca\/International\/wp-json\/wp\/v2\/posts\/97876\/revisions"}],"wp:attachment":[{"href":"https:\/\/linitiative.ca\/International\/wp-json\/wp\/v2\/media?parent=97876"}],"wp:term":[{"taxonomy":"category","embeddable":true,"href":"https:\/\/linitiative.ca\/International\/wp-json\/wp\/v2\/categories?post=97876"},{"taxonomy":"post_tag","embeddable":true,"href":"https:\/\/linitiative.ca\/International\/wp-json\/wp\/v2\/tags?post=97876"}],"curies":[{"name":"wp","href":"https:\/\/api.w.org\/{rel}","templated":true}]}}