{"id":97877,"date":"2020-09-04T15:36:25","date_gmt":"2020-09-04T19:36:25","guid":{"rendered":"https:\/\/linitiative.ca\/International\/assurance-scolaire-a-quand-la-fin-des-abus\/"},"modified":"2020-09-04T15:36:25","modified_gmt":"2020-09-04T19:36:25","slug":"assurance-scolaire-a-quand-la-fin-des-abus","status":"publish","type":"post","link":"https:\/\/linitiative.ca\/International\/assurance-scolaire-a-quand-la-fin-des-abus\/","title":{"rendered":"Assurance scolaire : \u00e0 quand la fin des abus ?"},"content":{"rendered":"<p><strong>La question divise tant les frais annexes \u00e0 la scolarit\u00e9 n\u2019ont pas cess\u00e9 d\u2019augmenter au fil des ann\u00e9es. Et la derni\u00e8re sortie du Minist\u00e8re de l\u2019Education nationale, qui exige des \u00e9coles une \u00ab\u00a0totale transparence\u00a0\u00bb sur l\u2019assurance scolaire, vient donner un coup de pied dans la fourmili\u00e8re.<\/strong><\/p>\n<div class=\"c10\"\/>\n<p>Elle sonne comme un reproche face \u00e0 l\u2019opacit\u00e9 sur la question. Les associations de parents d\u2019\u00e9l\u00e8ves, souvent molles \u00e0 la d\u00e9tente, sauront-elles cette fois-ci saisir la balle au rebond et mettre un terme \u00e0 des pratiques anti-\u00e9thiques qui perdurent depuis trop longtemps\u00a0? Le sujet n\u2019est pas nouveau, et tra\u00eene en longueur depuis des ann\u00e9es. Il resurgit \u00e0 chaque rentr\u00e9e scolaire. Malgr\u00e9 le tolet que suscitent le paiement des frais d\u2019inscription, de r\u00e9inscription et de scolarit\u00e9 chaque ann\u00e9e, le soufflet retombe syst\u00e9matiquement une fois que cette p\u00e9riode stressante pour les parents passe. C\u2019est que les \u00e9tablissements priv\u00e9s sont coutumiers du fait\u00a0; ils savent qu\u2019il faut juste serrer les dents durant cette p\u00e9riode, et ils auront la tranquillit\u00e9 pour le reste des 9 \u00e0 10 mois. Sauf cette ann\u00e9e o\u00f9 le coronavirus, qui a assombri les perspectives de nombre de parents, les a rendus, peut-\u00eatre, un peu plus regardants sur les frais, notamment ceux de l\u2019assurance (!).<\/p>\n<p><strong>Lire aussi | <a href=\"https:\/\/www.challenge.ma\/enseignement-francais-voici-le-detail-des-modalites-de-la-rentree-scolaire-dans-les-etablissements-relevant-de-laefe-et-de-losui-154691\/\">Enseignement fran\u00e7ais au Maroc : voici le d\u00e9tail des modalit\u00e9s de la rentr\u00e9e scolaire dans les \u00e9tablissements relevant de l\u2019AEFE et de l\u2019OSUI<\/a><\/strong><\/p>\n<p>D\u2019abord, l\u2019aberration que constitue la disparit\u00e9 inexpliqu\u00e9e entre les frais d\u2019assurance pratiqu\u00e9s par les \u00e9coles priv\u00e9es marocaines face \u00e0 leurs homologues \u00e9trang\u00e8res est devenue insoutenable. Plus de 1.000 dirhams chez les marocains contre 100 \u00e0 200 dirhams maximum dans les \u00e9coles \u00e9trang\u00e8res. Mais les 1.000 dirhams sont largement inf\u00e9rieurs \u00e0 des pratiques relev\u00e9s ici et l\u00e0 depuis des ann\u00e9es. En septembre 2015 d\u00e9j\u00e0, notre confr\u00e8re L\u2019\u00c9conomiste relevait les complaintes de nombre de parents d\u2019\u00e9l\u00e8ves. \u00ab\u00a0L\u2019un des abus dont sont victimes les parents concerne le montant de l\u2019assurance. Un contrat d\u2019assurance responsabilit\u00e9 civile scolaire peut \u00eatre factur\u00e9 par une \u00e9cole priv\u00e9e \u00e0 3.000 DH. Pourtant, l\u2019assurance d\u00e9marre \u00e0 20 DH et peut aller \u00e0 150 DH selon les garanties demand\u00e9es. L\u2019\u00e9crasante majorit\u00e9 des parents d\u2019\u00e9l\u00e8ves ignorent tout de ces garanties\u00a0\u00bb, \u00e9crivait le quotidien. Et de continuer, \u00ab\u00a0il y a quelques ann\u00e9es, certaines \u00e9coles souscrivaient des contrats d\u2019assurance pour un nombre d\u2019\u00e9l\u00e8ves limit\u00e9, mais faisaient quand m\u00eame payer tous les parents. Le minist\u00e8re de l\u2019Education s\u2019est rendu compte de ces d\u00e9rives. D\u00e9sormais, les d\u00e9l\u00e9gations r\u00e9gionales r\u00e9clament aux \u00e9coles priv\u00e9es des listes nominatives avec une copie du contrat d\u2019assurance avant d\u2019inscrire les \u00e9l\u00e8ves dans le programme Massar\u00a0\u00bb.<\/p>\n<p><strong>Lire aussi |\u00a0<\/strong><a href=\"https:\/\/www.challenge.ma\/cgem-kamal-daissaoui-elu-a-la-tete-de-lenseignement-prive-155119\/\" target=\"_blank\" rel=\"noreferrer noopener\"><strong>CGEM : Kamal Daissaoui \u00e9lu \u00e0 la t\u00eate de l\u2019Enseignement priv\u00e9<\/strong><\/a><\/p>\n<p><strong>Source de revenus compl\u00e9mentaires<\/strong><\/p>\n<p>Le tout sans que les parents d\u2019\u00e9l\u00e8ves, \u00e0 qui le droit est accord\u00e9 de r\u00e9clamer aux \u00e9coles une copie du contrat d\u2019assurance souscrit pour en conna\u00eetre les garanties, les exclusions, le montant des indemnit\u00e9s, ne l\u00e8vent le petit doigt, au-del\u00e0 des complaintes \u201chabituelles\u201c.<\/p>\n<p>Ensuite, et en r\u00e9alit\u00e9, les frais d\u2019assurance ne d\u00e9passeraient pas les 100 dirhams, tout au plus 150 dirhams quelle que soit l\u2019option choisie. \u00ab\u00a0La prime d\u2019assurance par t\u00eate varie entre 50 \u00e0 70 dirhams en moyenne pour une RC scolaire (responsabilit\u00e9 civile). Tout d\u00e9pend de l\u2019option choisie\u00a0; mais quelle que soit l\u2019option, la prime d\u2019assurance devrait tout au plus \u00eatre de 100 dirhams\u00a0\u00bb conc\u00e8de Anouar Himdi, directeur du groupe scolaire Anouar. Mais insiste-t-il, \u00ab\u00a0il y a une confusion g\u00e9n\u00e9rale sur les termes au Maroc. On appelle frais d\u2019assurance ce qui est en r\u00e9alit\u00e9 des frais d\u2019inscription ou de r\u00e9inscription. C\u2019est ce qui fait croire que les frais d\u2019assurance reviennent trop cher\u00a0\u00bb. Pourtant la question demeure\u00a0: pourquoi les \u00e9tablissements priv\u00e9s marocains facturent-ils aux parents 10 fois, 20 fois plus que ce qu\u2019ils paient aux compagnies d\u2019assurance. Pour un courtier, cette pratique qui dure depuis de longues ann\u00e9es n\u2019a pour unique but que de remplir les poches des dirigeants de ces \u00e9tablissements. \u00ab L\u2019assurance constitue pour nombre d\u2019\u00e9tablissements une autre source de revenus. \u00c0 100 voire 200 dirhams, on est encore dans des prix raisonnables\u00a0\u00bb, explique celui-ci qui a requis l\u2019anonymat. Un courtier n\u2019\u00e9tant concern\u00e9 que par la collecte des primes \u00e0 reverser \u00e0 la compagnie d\u2019assurance et de la documentation n\u00e9cessaire \u00e0 la formation du contrat d\u2019assurance, \u00ab\u00a0il n\u2019a aucun droit de regard sur la relation qui lie l\u2019\u00e9tablissement aux parents d\u2019\u00e9l\u00e8ves, et ne peut donc intervenir dans cette relation\u00a0\u00bb, continue-t-il. Mais le constat est clair\u00a0: la surfacturation est de mise dans le secteur, saignant un peu plus les parents d\u2019\u00e9l\u00e8ves. Sans oublier que d\u2019autres assurances (transport, RC extra-scolaire) sont bien \u00e9videmment transf\u00e9r\u00e9es \u00e0 la charge des parents.<\/p>\n<p><strong>Lire aussi |\u00a0<\/strong><a href=\"https:\/\/www.challenge.ma\/ecole-oui-au-pragmatisme-155137\/\" target=\"_blank\" rel=\"noreferrer noopener\"><strong>\u00c9cole : oui au pragmatisme<\/strong><\/a><\/p>\n<p><strong>La protection de consommateurs d\u00e9faillante<\/strong><\/p>\n<p>Face \u00e0 cette cacophonie, le Minist\u00e8re de l\u2019Education nationale, en tapant du poing sur la table, va-t-il r\u00e9ussir cette ann\u00e9e \u00e0 changer la donne\u00a0? \u00c0 voir \u00e0 quel point les habitudes se sont encrass\u00e9es, r\u00e9ussira-t-il \u00e0 faire bouger les lignes\u00a0? Et par quels moyens de contr\u00f4le\u00a0? Car si les intentions sont bonnes, la mat\u00e9rialisation constitue souvent le point d\u2019achoppement de ces mesures. Et si les associations de consommateurs ont peu de poids, l\u2019un des maillons qui devrait \u00eatre \u00e0 la pointe de cette charge pour la transparence devait \u00eatre les associations de parents d\u2019\u00e9l\u00e8ves. Malheureusement, celles-ci sont aussi souvent inefficaces voire non reconnues par certaines \u00e9coles. . Le courtier d\u00e9plore cette mollesse dans leurs actions. \u00ab\u00a0Je suis parent d\u2019\u00e9l\u00e8ve et mon constat est que les parents ne s\u2019impliquent pas dans les associations de pour faire bouger les choses. On a l\u2019impression, h\u00e9las, que ceux-ci sont de grands enfants qui attendent que tout se fasse pour eux mais sans eux\u00a0\u00bb explique-t-il.<\/p>\n<p>Quant aux frais d\u2019inscription qui ne cessent d\u2019augmenter, les \u00e9coles se d\u00e9fendent en arguant que les charges courent sur 12 mois alors que les rentr\u00e9es d\u2019argent ne concernent que 9 \u00e0 10 mois sur 12.\u00a0\u00ab Les \u00e9coles imposent des droits d\u2019inscription pour financer les charges salariales de leur personnel enseignant et administratif pendant les mois de juillet et ao\u00fbt o\u00f9 elles n\u2019ont pas de recettes. L\u2019objectif \u00e9tant de pouvoir les garder pour la rentr\u00e9e \u00bb, expliquait Mustapha Ghafiri, pr\u00e9sident de l\u2019Association nationale des \u00e9coles priv\u00e9es chez un confr\u00e8re.<\/p>\n<p>2020 marquera-t-elle une ann\u00e9e de rupture dans ces habitudes\u00a0? Cela reste \u00e0 voir\u2026<\/p>\n<div class=\"vw-sticky-sidebar-wrapper vw-sticky-sidebar widget_text awac-wrapper widget_text awac widget custom_html-4 textwidget custom-html-widget\">\n<p class=\"has-background c12\"><span class=\"widget-title c11\">Tribune et D\u00e9bats<\/span><\/p>\n<p>La tribune qui vous parle d\u2019une actu, d\u2019un sujet qui fait d\u00e9bat, les traite et les analyse. \u00c9conomistes et autres experts, patrons d\u2019entreprises, d\u00e9cideurs, acteurs de la soci\u00e9t\u00e9 civile, s\u2019y prononcent et contribuent \u00e0 sa grande richesse. Vous avez votre opinion, convergente ou diff\u00e9rente. Exprimez-la et mesurez-vous ainsi \u00e0 nos tribuns et d\u00e9batteurs.<\/p>\n<p>Envoyez vos analyses \u00e0 : <a href=\"\/cdn-cgi\/l\/email-protection#8be8e4e5ffeae8ffcbe8e3eae7e7eee5eceea5e6ea\"><span class=\"__cf_email__\" data-cfemail=\"d8bbb7b6acb9bbac98bbb0b9b4b4bdb6bfbdf6b5b9\">[email\u00a0protected]<\/span><\/a>, en pr\u00e9cisant votre nom, votre pr\u00e9nom et votre m\u00e9tier.<\/p>\n<\/div>\n<p>Auteur: Kwaku Senam<br \/>\n<a href=\"https:\/\/www.challenge.ma\/assurance-scolaire-a-quand-la-fin-des-abus-155185\/\">Cliquez ici pour lire l&rsquo;article depuis sa source.<\/a><\/p>\n","protected":false},"excerpt":{"rendered":"<p>La question divise tant les frais annexes \u00e0 la scolarit\u00e9 n\u2019ont pas cess\u00e9 d\u2019augmenter au fil des ann\u00e9es. Et la derni\u00e8re sortie du Minist\u00e8re de l\u2019Education nationale, qui exige des \u00e9coles une \u00ab\u00a0totale transparence\u00a0\u00bb sur l\u2019assurance scolaire, vient donner un coup de pied dans la fourmili\u00e8re. Elle sonne comme un reproche face \u00e0 l\u2019opacit\u00e9 sur [&hellip;]<\/p>\n","protected":false},"author":1787,"featured_media":0,"comment_status":"closed","ping_status":"closed","sticky":false,"template":"","format":"standard","meta":{"fifu_image_url":"","fifu_image_alt":"","footnotes":""},"categories":[78,54],"tags":[],"class_list":["post-97877","post","type-post","status-publish","format-standard","hentry","category-economie","category-maroc"],"_links":{"self":[{"href":"https:\/\/linitiative.ca\/International\/wp-json\/wp\/v2\/posts\/97877","targetHints":{"allow":["GET"]}}],"collection":[{"href":"https:\/\/linitiative.ca\/International\/wp-json\/wp\/v2\/posts"}],"about":[{"href":"https:\/\/linitiative.ca\/International\/wp-json\/wp\/v2\/types\/post"}],"author":[{"embeddable":true,"href":"https:\/\/linitiative.ca\/International\/wp-json\/wp\/v2\/users\/1787"}],"replies":[{"embeddable":true,"href":"https:\/\/linitiative.ca\/International\/wp-json\/wp\/v2\/comments?post=97877"}],"version-history":[{"count":0,"href":"https:\/\/linitiative.ca\/International\/wp-json\/wp\/v2\/posts\/97877\/revisions"}],"wp:attachment":[{"href":"https:\/\/linitiative.ca\/International\/wp-json\/wp\/v2\/media?parent=97877"}],"wp:term":[{"taxonomy":"category","embeddable":true,"href":"https:\/\/linitiative.ca\/International\/wp-json\/wp\/v2\/categories?post=97877"},{"taxonomy":"post_tag","embeddable":true,"href":"https:\/\/linitiative.ca\/International\/wp-json\/wp\/v2\/tags?post=97877"}],"curies":[{"name":"wp","href":"https:\/\/api.w.org\/{rel}","templated":true}]}}