{"id":97878,"date":"2020-09-04T16:15:53","date_gmt":"2020-09-04T20:15:53","guid":{"rendered":"https:\/\/linitiative.ca\/International\/tunisie-le-nouveau-ministre-de-leducation-se-penche-sur-le-dossier-de-la-rentree-scolaire\/"},"modified":"2020-09-04T16:15:53","modified_gmt":"2020-09-04T20:15:53","slug":"tunisie-le-nouveau-ministre-de-leducation-se-penche-sur-le-dossier-de-la-rentree-scolaire","status":"publish","type":"post","link":"https:\/\/linitiative.ca\/International\/tunisie-le-nouveau-ministre-de-leducation-se-penche-sur-le-dossier-de-la-rentree-scolaire\/","title":{"rendered":"Tunisie \u2013 Le nouveau ministre de l\u2019\u00e9ducation se penche sur le dossier de la rentr\u00e9e scolaire"},"content":{"rendered":"<div class=\"post-cont-in left relative\">\n<p>Le nouveau ministre de l\u2019\u00e9ducation, Fathi Sellaouti, a annonc\u00e9 au cours de la c\u00e9r\u00e9monie de prise de ses fonctions, qu\u2019il va consacrer le principe de la continuit\u00e9 de l\u2019Etat et poursuivre le travail de ses pr\u00e9d\u00e9cesseurs. Il a promis de s\u2019attaquer avec tous les partenaires, \u00e0 leur t\u00eate, les partenaires sociaux, aux dossiers les plus urgents, comme la rentr\u00e9e scolaire.<\/p>\n<div class=\"code-block code-block-1 c3\"><ins class=\"adsbygoogle c2\" data-ad-layout=\"in-article\" data-ad-format=\"fluid\" data-ad-client=\"ca-pub-2102118777505746\" data-ad-slot=\"7301775417\"\/> <\/div>\n<p>A cet effet, il a annonc\u00e9 qu\u2019il va tout faire pour r\u00e9ussir cette rentr\u00e9e, pour permettre aux \u00e9l\u00e8ves de reprendre les cours apr\u00e8s cette longue interruption, mais tout en prenant en consid\u00e9ration la priorit\u00e9 de pr\u00e9server leur sant\u00e9.<\/p>\n<div class=\"swp_social_panel swp_horizontal_panel swp_flat_fresh swp_default_full_color swp_individual_full_color swp_other_full_color scale-100 scale-\" data-min-width=\"1100\" data-float-color=\"#ffffff\" data-float=\"bottom\" data-float-mobile=\"bottom\" data-transition=\"slide\">\n<div class=\"nc_tweetContainer swp_share_button total_shares total_sharesalt\"><span class=\"swp_count\">9 <span class=\"swp_label\">Partages<\/span><\/span><\/div>\n<\/div>\n<p><strong>Que se passe-t-il en Tunisie?<\/strong><br \/>Nous expliquons sur notre <a href=\"https:\/\/www.youtube.com\/channel\/UCRzypVq0B_yBad5eGrwBx0Q?sub_confirmation=1\" target=\"_blank\" rel=\"noopener noreferrer\">cha\u00eene YouTube<\/a> . <a href=\"https:\/\/www.youtube.com\/channel\/UCRzypVq0B_yBad5eGrwBx0Q?sub_confirmation=1\" target=\"_blank\" rel=\"noopener noreferrer\">Abonnez-vous!<\/a><\/p>\n<div class=\"mvp-org-wrap mvp-org-logo\" itemprop=\"publisher\"><img decoding=\"async\" src=\"https:\/\/www.tunisienumerique.com\/wp-content\/uploads\/2017\/02\/logo_tunisie_numerique.png\"\/><\/div>\n<div class=\"mvp-related-posts left relative\">\n<h4 class=\"post-header\"><span class=\"post-header\">Lire aussi<\/span><\/h4>\n<\/div>\n<div id=\"article-ad\"><ins class=\"adsbygoogle c4\" data-ad-client=\"ca-pub-2102118777505746\" data-ad-slot=\"6513972734\" data-ad-format=\"auto\" data-full-width-responsive=\"true\"\/> <\/div>\n<\/div>\n<div id=\"post-sidebar-wrap\"><ins class=\"adsbygoogle c4\" data-ad-client=\"ca-pub-2102118777505746\" data-ad-slot=\"6168283410\" data-ad-format=\"auto\" data-full-width-responsive=\"true\"\/> <\/div>\n<p>Auteur: LM<br \/>\n<a href=\"https:\/\/www.tunisienumerique.com\/tunisie-le-nouveau-ministre-de-leducation-se-penche-sur-le-dossier-de-la-rentree-scolaire\/\">Cliquez ici pour lire l&rsquo;article depuis sa source.<\/a><\/p>\n","protected":false},"excerpt":{"rendered":"<p>Le nouveau ministre de l\u2019\u00e9ducation, Fathi Sellaouti, a annonc\u00e9 au cours de la c\u00e9r\u00e9monie de prise de ses fonctions, qu\u2019il va consacrer le principe de la continuit\u00e9 de l\u2019Etat et poursuivre le travail de ses pr\u00e9d\u00e9cesseurs. Il a promis de s\u2019attaquer avec tous les partenaires, \u00e0 leur t\u00eate, les partenaires sociaux, aux dossiers les plus [&hellip;]<\/p>\n","protected":false},"author":1789,"featured_media":97879,"comment_status":"closed","ping_status":"closed","sticky":false,"template":"","format":"standard","meta":{"fifu_image_url":"","fifu_image_alt":"","footnotes":""},"categories":[73,55],"tags":[],"class_list":["post-97878","post","type-post","status-publish","format-standard","has-post-thumbnail","hentry","category-actualite","category-tunisie"],"_links":{"self":[{"href":"https:\/\/linitiative.ca\/International\/wp-json\/wp\/v2\/posts\/97878","targetHints":{"allow":["GET"]}}],"collection":[{"href":"https:\/\/linitiative.ca\/International\/wp-json\/wp\/v2\/posts"}],"about":[{"href":"https:\/\/linitiative.ca\/International\/wp-json\/wp\/v2\/types\/post"}],"author":[{"embeddable":true,"href":"https:\/\/linitiative.ca\/International\/wp-json\/wp\/v2\/users\/1789"}],"replies":[{"embeddable":true,"href":"https:\/\/linitiative.ca\/International\/wp-json\/wp\/v2\/comments?post=97878"}],"version-history":[{"count":0,"href":"https:\/\/linitiative.ca\/International\/wp-json\/wp\/v2\/posts\/97878\/revisions"}],"wp:featuredmedia":[{"embeddable":true,"href":"https:\/\/linitiative.ca\/International\/wp-json\/"}],"wp:attachment":[{"href":"https:\/\/linitiative.ca\/International\/wp-json\/wp\/v2\/media?parent=97878"}],"wp:term":[{"taxonomy":"category","embeddable":true,"href":"https:\/\/linitiative.ca\/International\/wp-json\/wp\/v2\/categories?post=97878"},{"taxonomy":"post_tag","embeddable":true,"href":"https:\/\/linitiative.ca\/International\/wp-json\/wp\/v2\/tags?post=97878"}],"curies":[{"name":"wp","href":"https:\/\/api.w.org\/{rel}","templated":true}]}}