{"id":97880,"date":"2020-09-04T16:23:25","date_gmt":"2020-09-04T20:23:25","guid":{"rendered":"https:\/\/linitiative.ca\/International\/tunisie-les-syndicats-de-lenseignement-a-msaken-boycottent-la-rentree\/"},"modified":"2020-09-04T16:23:25","modified_gmt":"2020-09-04T20:23:25","slug":"tunisie-les-syndicats-de-lenseignement-a-msaken-boycottent-la-rentree","status":"publish","type":"post","link":"https:\/\/linitiative.ca\/International\/tunisie-les-syndicats-de-lenseignement-a-msaken-boycottent-la-rentree\/","title":{"rendered":"Tunisie \u2013 Les syndicats de l\u2019enseignement \u00e0 Msaken boycottent la rentr\u00e9e"},"content":{"rendered":"<div class=\"post-cont-in left relative\">\n<p>Les syndicats de l\u2019enseignement \u00e0 Msaken ont accus\u00e9, dans un communiqu\u00e9 publi\u00e9 ce vendredi, les autorit\u00e9s locales de n\u00e9gligence ayant conduit \u00e0 la d\u00e9t\u00e9rioration de la situation \u00e9pid\u00e9miologique dans la ville.<\/p>\n<div class=\"code-block code-block-1 c3\"><ins class=\"adsbygoogle c2\" data-ad-layout=\"in-article\" data-ad-format=\"fluid\" data-ad-client=\"ca-pub-2102118777505746\" data-ad-slot=\"7301775417\"\/> <\/div>\n<p>Ils ont appel\u00e9 les autorit\u00e9s centrales \u00e0 aider la ville \u00e0 surmonter cette situation et \u00e0 installer un h\u00f4pital de campagne, pour renforcer les capacit\u00e9s des services sanitaires.<\/p>\n<p>Les syndicats ont, par ailleurs, annonc\u00e9 qu\u2019ils boycottent la rentr\u00e9e scolaire tant que les autorit\u00e9s n\u2019ont pas fourni le n\u00e9cessaire pur assurer la sant\u00e9 des \u00e9l\u00e8ves et du personnel \u00e9ducatif.<\/p>\n<p><img loading=\"lazy\" decoding=\"async\" class=\"aligncenter size-full wp-image-553094\" src=\"https:\/\/www.tunisienumerique.com\/wp-content\/uploads\/2020\/09\/syndicat.jpg\" alt=\"\" width=\"630\" height=\"894\" srcset=\"https:\/\/www.tunisienumerique.com\/wp-content\/uploads\/2020\/09\/syndicat.jpg 630w, https:\/\/www.tunisienumerique.com\/wp-content\/uploads\/2020\/09\/syndicat-600x851.jpg 600w\" sizes=\"auto, (max-width: 630px) 100vw, 630px\"\/><\/p>\n<div class=\"swp_social_panel swp_horizontal_panel swp_flat_fresh swp_default_full_color swp_individual_full_color swp_other_full_color scale-100 scale-\" data-min-width=\"1100\" data-float-color=\"#ffffff\" data-float=\"bottom\" data-float-mobile=\"bottom\" data-transition=\"slide\">\n<div class=\"nc_tweetContainer swp_share_button total_shares total_sharesalt\"><span class=\"swp_count\">1 <span class=\"swp_label\">Partages<\/span><\/span><\/div>\n<\/div>\n<p><strong>Que se passe-t-il en Tunisie?<\/strong><br \/>Nous expliquons sur notre <a href=\"https:\/\/www.youtube.com\/channel\/UCRzypVq0B_yBad5eGrwBx0Q?sub_confirmation=1\" target=\"_blank\" rel=\"noopener noreferrer\">cha\u00eene YouTube<\/a> . <a href=\"https:\/\/www.youtube.com\/channel\/UCRzypVq0B_yBad5eGrwBx0Q?sub_confirmation=1\" target=\"_blank\" rel=\"noopener noreferrer\">Abonnez-vous!<\/a><\/p>\n<div class=\"mvp-org-wrap mvp-org-logo\" itemprop=\"publisher\"><img decoding=\"async\" src=\"https:\/\/www.tunisienumerique.com\/wp-content\/uploads\/2017\/02\/logo_tunisie_numerique.png\"\/><\/div>\n<div class=\"mvp-related-posts left relative\">\n<h4 class=\"post-header\"><span class=\"post-header\">Lire aussi<\/span><\/h4>\n<\/div>\n<div id=\"article-ad\"><ins class=\"adsbygoogle c4\" data-ad-client=\"ca-pub-2102118777505746\" data-ad-slot=\"6513972734\" data-ad-format=\"auto\" data-full-width-responsive=\"true\"\/> <\/div>\n<\/div>\n<div id=\"post-sidebar-wrap\"><ins class=\"adsbygoogle c4\" data-ad-client=\"ca-pub-2102118777505746\" data-ad-slot=\"6168283410\" data-ad-format=\"auto\" data-full-width-responsive=\"true\"\/> <\/div>\n<p>Auteur: LM<br \/>\n<a href=\"https:\/\/www.tunisienumerique.com\/tunisie-les-syndicats-de-lenseignement-a-msaken-boycottent-la-rentree\/\">Cliquez ici pour lire l&rsquo;article depuis sa source.<\/a><\/p>\n","protected":false},"excerpt":{"rendered":"<p>Les syndicats de l\u2019enseignement \u00e0 Msaken ont accus\u00e9, dans un communiqu\u00e9 publi\u00e9 ce vendredi, les autorit\u00e9s locales de n\u00e9gligence ayant conduit \u00e0 la d\u00e9t\u00e9rioration de la situation \u00e9pid\u00e9miologique dans la ville. Ils ont appel\u00e9 les autorit\u00e9s centrales \u00e0 aider la ville \u00e0 surmonter cette situation et \u00e0 installer un h\u00f4pital de campagne, pour renforcer les [&hellip;]<\/p>\n","protected":false},"author":1789,"featured_media":97881,"comment_status":"closed","ping_status":"closed","sticky":false,"template":"","format":"standard","meta":{"fifu_image_url":"","fifu_image_alt":"","footnotes":""},"categories":[73,55],"tags":[],"class_list":["post-97880","post","type-post","status-publish","format-standard","has-post-thumbnail","hentry","category-actualite","category-tunisie"],"_links":{"self":[{"href":"https:\/\/linitiative.ca\/International\/wp-json\/wp\/v2\/posts\/97880","targetHints":{"allow":["GET"]}}],"collection":[{"href":"https:\/\/linitiative.ca\/International\/wp-json\/wp\/v2\/posts"}],"about":[{"href":"https:\/\/linitiative.ca\/International\/wp-json\/wp\/v2\/types\/post"}],"author":[{"embeddable":true,"href":"https:\/\/linitiative.ca\/International\/wp-json\/wp\/v2\/users\/1789"}],"replies":[{"embeddable":true,"href":"https:\/\/linitiative.ca\/International\/wp-json\/wp\/v2\/comments?post=97880"}],"version-history":[{"count":0,"href":"https:\/\/linitiative.ca\/International\/wp-json\/wp\/v2\/posts\/97880\/revisions"}],"wp:featuredmedia":[{"embeddable":true,"href":"https:\/\/linitiative.ca\/International\/wp-json\/"}],"wp:attachment":[{"href":"https:\/\/linitiative.ca\/International\/wp-json\/wp\/v2\/media?parent=97880"}],"wp:term":[{"taxonomy":"category","embeddable":true,"href":"https:\/\/linitiative.ca\/International\/wp-json\/wp\/v2\/categories?post=97880"},{"taxonomy":"post_tag","embeddable":true,"href":"https:\/\/linitiative.ca\/International\/wp-json\/wp\/v2\/tags?post=97880"}],"curies":[{"name":"wp","href":"https:\/\/api.w.org\/{rel}","templated":true}]}}